{"id":4545,"date":"2025-09-19T18:39:51","date_gmt":"2025-09-19T18:39:51","guid":{"rendered":"https:\/\/dobrezrodla.com\/?p=4545"},"modified":"2025-09-19T18:39:52","modified_gmt":"2025-09-19T18:39:52","slug":"niespodziewana-wizyta-w-kijowie-polska-i-ukraina-zaciesniaja-wspolprace-wojskowa","status":"publish","type":"post","link":"https:\/\/dobrezrodla.com\/?p=4545","title":{"rendered":"Niespodziewana wizyta w Kijowie! Polska i Ukraina zacie\u015bniaj\u0105 wsp\u00f3\u0142prac\u0119 wojskow\u0105"},"content":{"rendered":"\n<p>Szef MON W\u0142adys\u0142aw Kosiniak-Kamysz uda\u0142 si\u0119 z niezapowiedzian\u0105 wizyt\u0105 do Kijowa. Towarzyszyli mu wiceminister Pawe\u0142 Zalewski oraz dow\u00f3dcy Wojska Polskiego.<\/p>\n\n\n\n<p>Wicepremier zapowiedzia\u0142 podpisanie kluczowego porozumienia z ukrai\u0144skim ministerstwem obrony. Dotyczy\u0107 ma ono wsp\u00f3\u0142pracy wojskowej \u2013 w tym operowania dronami i inicjatyw przemys\u0142owych.<\/p>\n\n\n\n<p>\u2013 Rozmowy b\u0119d\u0105 dotyczy\u0107 zdobywania umiej\u0119tno\u015bci i rozwijania wsp\u00f3lnych projekt\u00f3w \u2013 przekaza\u0142 Kosiniak-Kamysz na platformie X. Podkre\u015bli\u0142, \u017ce Ukraina to dzi\u015b \u017ar\u00f3d\u0142o unikalnych do\u015bwiadcze\u0144 wojennych.<\/p>\n\n\n\n<p>Wizyta rozpocz\u0119\u0142a si\u0119 od z\u0142o\u017cenia ho\u0142du poleg\u0142ym na cmentarzu w Bykowni. Planowane s\u0105 tak\u017ce spotkania z premierem Ukrainy Denysem Szmyhalem.<\/p>\n\n\n\n<p>Wsp\u00f3lne dzia\u0142ania maj\u0105 obj\u0105\u0107 m.in. wsp\u00f3\u0142prac\u0119 przemys\u0142\u00f3w obronnych i rozw\u00f3j sojuszniczego centrum szkoleniowego JATEC.<\/p>\n\n\n\n<p>To kolejny krok w zacie\u015bnianiu relacji wojskowych mi\u0119dzy Polsk\u0105 a Ukrain\u0105 \u2013 z naciskiem na innowacje i praktyczne do\u015bwiadczenia z frontu.<\/p>\n","protected":false},"excerpt":{"rendered":"<p>Szef MON W\u0142adys\u0142aw Kosiniak-Kamysz uda\u0142 si\u0119 z niezapowiedzian\u0105 wizyt\u0105 do Kijowa. Towarzyszyli mu wiceminister Pawe\u0142 Zalewski oraz dow\u00f3dcy Wojska Polskiego. Wicepremier zapowiedzia\u0142 podpisanie kluczowego porozumienia z ukrai\u0144skim ministerstwem obrony. Dotyczy\u0107 ma ono wsp\u00f3\u0142pracy wojskowej \u2013 w tym operowania dronami i inicjatyw przemys\u0142owych. \u2013 Rozmowy b\u0119d\u0105 dotyczy\u0107 zdobywania umiej\u0119tno\u015bci i rozwijania wsp\u00f3lnych projekt\u00f3w \u2013 przekaza\u0142 Kosiniak-Kamysz &#8230; <a title=\"Niespodziewana wizyta w Kijowie! Polska i Ukraina zacie\u015bniaj\u0105 wsp\u00f3\u0142prac\u0119 wojskow\u0105\" class=\"read-more\" href=\"https:\/\/dobrezrodla.com\/?p=4545\" aria-label=\"Read more about Niespodziewana wizyta w Kijowie! Polska i Ukraina zacie\u015bniaj\u0105 wsp\u00f3\u0142prac\u0119 wojskow\u0105\">Read more<\/a><\/p>\n","protected":false},"author":1,"featured_media":4546,"comment_status":"open","ping_status":"open","sticky":false,"template":"","format":"standard","meta":{"footnotes":""},"categories":[1],"tags":[],"class_list":["post-4545","post","type-post","status-publish","format-standard","has-post-thumbnail","hentry","category-uncategorized"],"_links":{"self":[{"href":"https:\/\/dobrezrodla.com\/index.php?rest_route=\/wp\/v2\/posts\/4545","targetHints":{"allow":["GET"]}}],"collection":[{"href":"https:\/\/dobrezrodla.com\/index.php?rest_route=\/wp\/v2\/posts"}],"about":[{"href":"https:\/\/dobrezrodla.com\/index.php?rest_route=\/wp\/v2\/types\/post"}],"author":[{"embeddable":true,"href":"https:\/\/dobrezrodla.com\/index.php?rest_route=\/wp\/v2\/users\/1"}],"replies":[{"embeddable":true,"href":"https:\/\/dobrezrodla.com\/index.php?rest_route=%2Fwp%2Fv2%2Fcomments&post=4545"}],"version-history":[{"count":1,"href":"https:\/\/dobrezrodla.com\/index.php?rest_route=\/wp\/v2\/posts\/4545\/revisions"}],"predecessor-version":[{"id":4547,"href":"https:\/\/dobrezrodla.com\/index.php?rest_route=\/wp\/v2\/posts\/4545\/revisions\/4547"}],"wp:featuredmedia":[{"embeddable":true,"href":"https:\/\/dobrezrodla.com\/index.php?rest_route=\/wp\/v2\/media\/4546"}],"wp:attachment":[{"href":"https:\/\/dobrezrodla.com\/index.php?rest_route=%2Fwp%2Fv2%2Fmedia&parent=4545"}],"wp:term":[{"taxonomy":"category","embeddable":true,"href":"https:\/\/dobrezrodla.com\/index.php?rest_route=%2Fwp%2Fv2%2Fcategories&post=4545"},{"taxonomy":"post_tag","embeddable":true,"href":"https:\/\/dobrezrodla.com\/index.php?rest_route=%2Fwp%2Fv2%2Ftags&post=4545"}],"curies":[{"name":"wp","href":"https:\/\/api.w.org\/{rel}","templated":true}]}}