{"id":4566,"date":"2025-09-19T18:44:21","date_gmt":"2025-09-19T18:44:21","guid":{"rendered":"https:\/\/dobrezrodla.com\/?p=4566"},"modified":"2025-09-19T18:44:21","modified_gmt":"2025-09-19T18:44:21","slug":"kradziez-auta-tuska-przypadek-czy-prowokacja-siemoniak-musimy-zakladac-najgorsze","status":"publish","type":"post","link":"https:\/\/dobrezrodla.com\/?p=4566","title":{"rendered":"Kradzie\u017c auta Tuska \u2013 przypadek czy prowokacja? Siemoniak: &#8220;Musimy zak\u0142ada\u0107 najgorsze&#8221;"},"content":{"rendered":"\n<hr class=\"wp-block-separator has-alpha-channel-opacity\"\/>\n\n\n\n<p>W nocy, gdy rosyjskie drony narusza\u0142y polsk\u0105 przestrze\u0144 powietrzn\u0105, kto\u015b ukrad\u0142 lexusa nale\u017c\u0105cego do rodziny Donalda Tuska. Przypadek? Minister Tomasz Siemoniak nie wyklucza, \u017ce za kradzie\u017c\u0105 mog\u0105 sta\u0107 obce s\u0142u\u017cby. &#8220;Musimy zak\u0142ada\u0107 ten gorszy scenariusz&#8221; \u2013 m\u00f3wi wprost.<\/p>\n\n\n\n<p>Cho\u0107 policja szybko odzyska\u0142a auto, sprawa robi si\u0119 coraz bardziej tajemnicza. Zatrzymany m\u0119\u017cczyzna nie jest zawodowym z\u0142odziejem, a \u015bledztwo prowadzi ju\u017c Agencja Bezpiecze\u0144stwa Wewn\u0119trznego. Podejrzany, 41-letni \u0141ukasz W., pr\u00f3bowa\u0142 uciec do Bu\u0142garii, u\u017cywa\u0142 podrobionych tablic i mia\u0142 przy sobie dokumenty z auta.<\/p>\n\n\n\n<p>Dodatkowy niepok\u00f3j budz\u0105 p\u00f3\u017aniejsze przeloty dron\u00f3w nad Belwederem i innymi budynkami rz\u0105dowymi. Czy to tylko zbiegi okoliczno\u015bci?<\/p>\n\n\n\n<p>Siemoniak podkre\u015bla, \u017ce s\u0142u\u017cby rozpatruj\u0105 wszystkie scenariusze. W tle: pytania o bezpiecze\u0144stwo najwa\u017cniejszych os\u00f3b w pa\u0144stwie i mo\u017cliwy sabota\u017c.<\/p>\n","protected":false},"excerpt":{"rendered":"<p>W nocy, gdy rosyjskie drony narusza\u0142y polsk\u0105 przestrze\u0144 powietrzn\u0105, kto\u015b ukrad\u0142 lexusa nale\u017c\u0105cego do rodziny Donalda Tuska. Przypadek? Minister Tomasz Siemoniak nie wyklucza, \u017ce za kradzie\u017c\u0105 mog\u0105 sta\u0107 obce s\u0142u\u017cby. &#8220;Musimy zak\u0142ada\u0107 ten gorszy scenariusz&#8221; \u2013 m\u00f3wi wprost. Cho\u0107 policja szybko odzyska\u0142a auto, sprawa robi si\u0119 coraz bardziej tajemnicza. Zatrzymany m\u0119\u017cczyzna nie jest zawodowym z\u0142odziejem, &#8230; <a title=\"Kradzie\u017c auta Tuska \u2013 przypadek czy prowokacja? Siemoniak: &#8220;Musimy zak\u0142ada\u0107 najgorsze&#8221;\" class=\"read-more\" href=\"https:\/\/dobrezrodla.com\/?p=4566\" aria-label=\"Read more about Kradzie\u017c auta Tuska \u2013 przypadek czy prowokacja? Siemoniak: &#8220;Musimy zak\u0142ada\u0107 najgorsze&#8221;\">Read more<\/a><\/p>\n","protected":false},"author":1,"featured_media":4567,"comment_status":"open","ping_status":"open","sticky":false,"template":"","format":"standard","meta":{"footnotes":""},"categories":[1],"tags":[],"class_list":["post-4566","post","type-post","status-publish","format-standard","has-post-thumbnail","hentry","category-uncategorized"],"_links":{"self":[{"href":"https:\/\/dobrezrodla.com\/index.php?rest_route=\/wp\/v2\/posts\/4566","targetHints":{"allow":["GET"]}}],"collection":[{"href":"https:\/\/dobrezrodla.com\/index.php?rest_route=\/wp\/v2\/posts"}],"about":[{"href":"https:\/\/dobrezrodla.com\/index.php?rest_route=\/wp\/v2\/types\/post"}],"author":[{"embeddable":true,"href":"https:\/\/dobrezrodla.com\/index.php?rest_route=\/wp\/v2\/users\/1"}],"replies":[{"embeddable":true,"href":"https:\/\/dobrezrodla.com\/index.php?rest_route=%2Fwp%2Fv2%2Fcomments&post=4566"}],"version-history":[{"count":1,"href":"https:\/\/dobrezrodla.com\/index.php?rest_route=\/wp\/v2\/posts\/4566\/revisions"}],"predecessor-version":[{"id":4568,"href":"https:\/\/dobrezrodla.com\/index.php?rest_route=\/wp\/v2\/posts\/4566\/revisions\/4568"}],"wp:featuredmedia":[{"embeddable":true,"href":"https:\/\/dobrezrodla.com\/index.php?rest_route=\/wp\/v2\/media\/4567"}],"wp:attachment":[{"href":"https:\/\/dobrezrodla.com\/index.php?rest_route=%2Fwp%2Fv2%2Fmedia&parent=4566"}],"wp:term":[{"taxonomy":"category","embeddable":true,"href":"https:\/\/dobrezrodla.com\/index.php?rest_route=%2Fwp%2Fv2%2Fcategories&post=4566"},{"taxonomy":"post_tag","embeddable":true,"href":"https:\/\/dobrezrodla.com\/index.php?rest_route=%2Fwp%2Fv2%2Ftags&post=4566"}],"curies":[{"name":"wp","href":"https:\/\/api.w.org\/{rel}","templated":true}]}}