{"id":4575,"date":"2025-09-19T18:47:20","date_gmt":"2025-09-19T18:47:20","guid":{"rendered":"https:\/\/dobrezrodla.com\/?p=4575"},"modified":"2025-09-19T18:47:21","modified_gmt":"2025-09-19T18:47:21","slug":"mentzen-ostro-o-kaczynskim-jego-celem-byloby-mnie-zniszczyc-nie-ufam-mu","status":"publish","type":"post","link":"https:\/\/dobrezrodla.com\/?p=4575","title":{"rendered":"Mentzen ostro o Kaczy\u0144skim: &#8220;Jego celem by\u0142oby mnie zniszczy\u0107. Nie ufam mu&#8221;"},"content":{"rendered":"\n<hr class=\"wp-block-separator has-alpha-channel-opacity\"\/>\n\n\n\n<p>S\u0142awomir Mentzen stanowczo odrzuci\u0142 mo\u017cliwo\u015b\u0107 koalicji z PiS, m\u00f3wi\u0105c, \u017ce Jaros\u0142aw Kaczy\u0144ski \u201ema potrzeb\u0119 absolutnej dominacji\u201d i \u017ce jego celem by\u0142oby \u201ezniszczenie mnie\u201d. <\/p>\n\n\n\n<p>\u2013 To nie jest dobry materia\u0142 do zrobienia koalicji. Ja mu nie ufam \u2013 podkre\u015bli\u0142 lider Konfederacji w programie <em>Rymanowski Live<\/em>.<\/p>\n\n\n\n<p>Doda\u0142, \u017ce wszystkie partie, kt\u00f3re wcze\u015bniej wchodzi\u0142y w koalicj\u0119 z PiS, \u201eznikn\u0119\u0142y ze sceny politycznej\u201d.<\/p>\n\n\n\n<p>\u2013 Je\u015bli komu\u015b zale\u017cy na szerokim obozie prawicowym, powinien poprosi\u0107 Kaczy\u0144skiego o przej\u015bcie na emerytur\u0119 \u2013 stwierdzi\u0142.<\/p>\n\n\n\n<p>To kolejna ods\u0142ona konfliktu Mentzen\u2013Kaczy\u0144ski. Prezes PiS nazwa\u0142 wcze\u015bniej Konfederacj\u0119 \u201ewrogiem po drugiej stronie barykady\u201d.<\/p>\n","protected":false},"excerpt":{"rendered":"<p>S\u0142awomir Mentzen stanowczo odrzuci\u0142 mo\u017cliwo\u015b\u0107 koalicji z PiS, m\u00f3wi\u0105c, \u017ce Jaros\u0142aw Kaczy\u0144ski \u201ema potrzeb\u0119 absolutnej dominacji\u201d i \u017ce jego celem by\u0142oby \u201ezniszczenie mnie\u201d. \u2013 To nie jest dobry materia\u0142 do zrobienia koalicji. Ja mu nie ufam \u2013 podkre\u015bli\u0142 lider Konfederacji w programie Rymanowski Live. Doda\u0142, \u017ce wszystkie partie, kt\u00f3re wcze\u015bniej wchodzi\u0142y w koalicj\u0119 z PiS, &#8230; <a title=\"Mentzen ostro o Kaczy\u0144skim: &#8220;Jego celem by\u0142oby mnie zniszczy\u0107. Nie ufam mu&#8221;\" class=\"read-more\" href=\"https:\/\/dobrezrodla.com\/?p=4575\" aria-label=\"Read more about Mentzen ostro o Kaczy\u0144skim: &#8220;Jego celem by\u0142oby mnie zniszczy\u0107. Nie ufam mu&#8221;\">Read more<\/a><\/p>\n","protected":false},"author":1,"featured_media":4576,"comment_status":"open","ping_status":"open","sticky":false,"template":"","format":"standard","meta":{"footnotes":""},"categories":[1],"tags":[],"class_list":["post-4575","post","type-post","status-publish","format-standard","has-post-thumbnail","hentry","category-uncategorized"],"_links":{"self":[{"href":"https:\/\/dobrezrodla.com\/index.php?rest_route=\/wp\/v2\/posts\/4575","targetHints":{"allow":["GET"]}}],"collection":[{"href":"https:\/\/dobrezrodla.com\/index.php?rest_route=\/wp\/v2\/posts"}],"about":[{"href":"https:\/\/dobrezrodla.com\/index.php?rest_route=\/wp\/v2\/types\/post"}],"author":[{"embeddable":true,"href":"https:\/\/dobrezrodla.com\/index.php?rest_route=\/wp\/v2\/users\/1"}],"replies":[{"embeddable":true,"href":"https:\/\/dobrezrodla.com\/index.php?rest_route=%2Fwp%2Fv2%2Fcomments&post=4575"}],"version-history":[{"count":1,"href":"https:\/\/dobrezrodla.com\/index.php?rest_route=\/wp\/v2\/posts\/4575\/revisions"}],"predecessor-version":[{"id":4577,"href":"https:\/\/dobrezrodla.com\/index.php?rest_route=\/wp\/v2\/posts\/4575\/revisions\/4577"}],"wp:featuredmedia":[{"embeddable":true,"href":"https:\/\/dobrezrodla.com\/index.php?rest_route=\/wp\/v2\/media\/4576"}],"wp:attachment":[{"href":"https:\/\/dobrezrodla.com\/index.php?rest_route=%2Fwp%2Fv2%2Fmedia&parent=4575"}],"wp:term":[{"taxonomy":"category","embeddable":true,"href":"https:\/\/dobrezrodla.com\/index.php?rest_route=%2Fwp%2Fv2%2Fcategories&post=4575"},{"taxonomy":"post_tag","embeddable":true,"href":"https:\/\/dobrezrodla.com\/index.php?rest_route=%2Fwp%2Fv2%2Ftags&post=4575"}],"curies":[{"name":"wp","href":"https:\/\/api.w.org\/{rel}","templated":true}]}}