{"id":4585,"date":"2025-09-21T08:22:03","date_gmt":"2025-09-21T08:22:03","guid":{"rendered":"https:\/\/dobrezrodla.com\/?p=4585"},"modified":"2025-09-21T08:22:03","modified_gmt":"2025-09-21T08:22:03","slug":"orban-idzie-sladem-trumpa-antifa-na-wegrzech-uznana-za-organizacje-terrorystyczna","status":"publish","type":"post","link":"https:\/\/dobrezrodla.com\/?p=4585","title":{"rendered":"Orban idzie \u015bladem Trumpa. Antifa na W\u0119grzech uznana za organizacj\u0119 terrorystyczn\u0105?"},"content":{"rendered":"\n<p>Premier W\u0119gier Viktor Orban zapowiedzia\u0142, \u017ce jego kraj planuje oficjalnie uzna\u0107 Antif\u0119 za organizacj\u0119 terrorystyczn\u0105. W wywiadzie radiowym podkre\u015bli\u0142, \u017ce nadszed\u0142 czas, by W\u0119gry posz\u0142y w \u015blady USA, gdzie podobn\u0105 decyzj\u0119 og\u0142osi\u0142 prezydent Donald Trump. Orban ostro skrytykowa\u0142 dzia\u0142ania Antify, twierdz\u0105c, \u017ce jej cz\u0142onkowie atakowali pokojowych obywateli na W\u0119grzech, a nast\u0119pnie pr\u00f3bowali moralizowa\u0107 w Parlamencie Europejskim.<\/p>\n\n\n\n<p>Cho\u0107 nie pad\u0142o nazwisko, premier odnosi\u0142 si\u0119 do sprawy Ilarii Salis \u2013 W\u0142oszki, kt\u00f3ra sp\u0119dzi\u0142a ponad rok w w\u0119gierskim areszcie po rzekomym ataku na uczestnika demonstracji nacjonalistycznej. Jej zatrzymanie wywo\u0142a\u0142o napi\u0119cia na linii Budapeszt\u2013Rzym, a sprawa zako\u0144czy\u0142a si\u0119 dopiero po tym, jak Salis zdoby\u0142a mandat europos\u0142anki w 2024 roku.<\/p>\n\n\n\n<p>Na \u015bwiecie r\u00f3wnie\u017c narasta presja wobec Antify. Donald Trump nie tylko uzna\u0142 ruch za organizacj\u0119 terrorystyczn\u0105, ale te\u017c zarz\u0105dzi\u0142 dochodzenie w sprawie jej finansowania. Wed\u0142ug jego administracji to lewicowe organizacje maj\u0105 odpowiada\u0107 za eskalacj\u0119 przemocy i ataki na przeciwnik\u00f3w politycznych.<\/p>\n","protected":false},"excerpt":{"rendered":"<p>Premier W\u0119gier Viktor Orban zapowiedzia\u0142, \u017ce jego kraj planuje oficjalnie uzna\u0107 Antif\u0119 za organizacj\u0119 terrorystyczn\u0105. W wywiadzie radiowym podkre\u015bli\u0142, \u017ce nadszed\u0142 czas, by W\u0119gry posz\u0142y w \u015blady USA, gdzie podobn\u0105 decyzj\u0119 og\u0142osi\u0142 prezydent Donald Trump. Orban ostro skrytykowa\u0142 dzia\u0142ania Antify, twierdz\u0105c, \u017ce jej cz\u0142onkowie atakowali pokojowych obywateli na W\u0119grzech, a nast\u0119pnie pr\u00f3bowali moralizowa\u0107 w Parlamencie &#8230; <a title=\"Orban idzie \u015bladem Trumpa. Antifa na W\u0119grzech uznana za organizacj\u0119 terrorystyczn\u0105?\" class=\"read-more\" href=\"https:\/\/dobrezrodla.com\/?p=4585\" aria-label=\"Read more about Orban idzie \u015bladem Trumpa. Antifa na W\u0119grzech uznana za organizacj\u0119 terrorystyczn\u0105?\">Read more<\/a><\/p>\n","protected":false},"author":1,"featured_media":4586,"comment_status":"open","ping_status":"open","sticky":false,"template":"","format":"standard","meta":{"footnotes":""},"categories":[1],"tags":[],"class_list":["post-4585","post","type-post","status-publish","format-standard","has-post-thumbnail","hentry","category-uncategorized"],"_links":{"self":[{"href":"https:\/\/dobrezrodla.com\/index.php?rest_route=\/wp\/v2\/posts\/4585","targetHints":{"allow":["GET"]}}],"collection":[{"href":"https:\/\/dobrezrodla.com\/index.php?rest_route=\/wp\/v2\/posts"}],"about":[{"href":"https:\/\/dobrezrodla.com\/index.php?rest_route=\/wp\/v2\/types\/post"}],"author":[{"embeddable":true,"href":"https:\/\/dobrezrodla.com\/index.php?rest_route=\/wp\/v2\/users\/1"}],"replies":[{"embeddable":true,"href":"https:\/\/dobrezrodla.com\/index.php?rest_route=%2Fwp%2Fv2%2Fcomments&post=4585"}],"version-history":[{"count":1,"href":"https:\/\/dobrezrodla.com\/index.php?rest_route=\/wp\/v2\/posts\/4585\/revisions"}],"predecessor-version":[{"id":4587,"href":"https:\/\/dobrezrodla.com\/index.php?rest_route=\/wp\/v2\/posts\/4585\/revisions\/4587"}],"wp:featuredmedia":[{"embeddable":true,"href":"https:\/\/dobrezrodla.com\/index.php?rest_route=\/wp\/v2\/media\/4586"}],"wp:attachment":[{"href":"https:\/\/dobrezrodla.com\/index.php?rest_route=%2Fwp%2Fv2%2Fmedia&parent=4585"}],"wp:term":[{"taxonomy":"category","embeddable":true,"href":"https:\/\/dobrezrodla.com\/index.php?rest_route=%2Fwp%2Fv2%2Fcategories&post=4585"},{"taxonomy":"post_tag","embeddable":true,"href":"https:\/\/dobrezrodla.com\/index.php?rest_route=%2Fwp%2Fv2%2Ftags&post=4585"}],"curies":[{"name":"wp","href":"https:\/\/api.w.org\/{rel}","templated":true}]}}