{"id":4591,"date":"2025-09-21T08:24:15","date_gmt":"2025-09-21T08:24:15","guid":{"rendered":"https:\/\/dobrezrodla.com\/?p=4591"},"modified":"2025-09-21T08:24:15","modified_gmt":"2025-09-21T08:24:15","slug":"prezydent-i-szef-msz-leca-do-usa-osobno-przydacz-nie-bylo-prosby-o-wspolny-lot-msz-zlamano-elegancka-tradycje","status":"publish","type":"post","link":"https:\/\/dobrezrodla.com\/?p=4591","title":{"rendered":"Prezydent i szef MSZ lec\u0105 do USA osobno. Przydacz: nie by\u0142o pro\u015bby o wsp\u00f3lny lot, MSZ: z\u0142amano eleganck\u0105 tradycj\u0119"},"content":{"rendered":"\n<p>Karol Nawrocki i Rados\u0142aw Sikorski, cho\u0107 obaj reprezentuj\u0105 Polsk\u0119 podczas sesji ONZ w Nowym Jorku, polecieli do USA osobnymi samolotami. Jak przekaza\u0142 prezydencki minister Marcin Przydacz, do Pa\u0142acu Prezydenckiego nie wp\u0142yn\u0119\u0142a \u017cadna pro\u015bba o wsp\u00f3ln\u0105 podr\u00f3\u017c szefa dyplomacji z prezydentem. Zapewni\u0142 jednak, \u017ce formalnie Sikorski jest cz\u0142onkiem delegacji prezydenckiej.<\/p>\n\n\n\n<p>Przydacz t\u0142umaczy\u0142, \u017ce ka\u017cda z os\u00f3b w delegacji ma swoje zadania, a wsp\u00f3lne wyst\u0105pienia i spotkania b\u0119d\u0105 si\u0119 przeplata\u0107 z indywidualnymi. Jego s\u0142owa wywo\u0142a\u0142y reakcj\u0119 rzecznika MSZ, Paw\u0142a Wro\u0144skiego, kt\u00f3ry przypomnia\u0142, \u017ce dot\u0105d istnia\u0142a \u201eelegancka tradycja\u201d zapraszania ministra spraw zagranicznych na pok\u0142ad prezydenckiego samolotu na takie wydarzenia.<\/p>\n\n\n\n<p>R\u00f3\u017cnice w podej\u015bciu do protoko\u0142u dyplomatycznego pokazuj\u0105 napi\u0119cia mi\u0119dzy Pa\u0142acem Prezydenckim a MSZ, kt\u00f3re mimo wsp\u00f3lnej obecno\u015bci w Nowym Jorku, zaznaczaj\u0105 odr\u0119bno\u015b\u0107 dzia\u0142ania.<\/p>\n","protected":false},"excerpt":{"rendered":"<p>Karol Nawrocki i Rados\u0142aw Sikorski, cho\u0107 obaj reprezentuj\u0105 Polsk\u0119 podczas sesji ONZ w Nowym Jorku, polecieli do USA osobnymi samolotami. Jak przekaza\u0142 prezydencki minister Marcin Przydacz, do Pa\u0142acu Prezydenckiego nie wp\u0142yn\u0119\u0142a \u017cadna pro\u015bba o wsp\u00f3ln\u0105 podr\u00f3\u017c szefa dyplomacji z prezydentem. Zapewni\u0142 jednak, \u017ce formalnie Sikorski jest cz\u0142onkiem delegacji prezydenckiej. Przydacz t\u0142umaczy\u0142, \u017ce ka\u017cda z os\u00f3b &#8230; <a title=\"Prezydent i szef MSZ lec\u0105 do USA osobno. Przydacz: nie by\u0142o pro\u015bby o wsp\u00f3lny lot, MSZ: z\u0142amano eleganck\u0105 tradycj\u0119\" class=\"read-more\" href=\"https:\/\/dobrezrodla.com\/?p=4591\" aria-label=\"Read more about Prezydent i szef MSZ lec\u0105 do USA osobno. Przydacz: nie by\u0142o pro\u015bby o wsp\u00f3lny lot, MSZ: z\u0142amano eleganck\u0105 tradycj\u0119\">Read more<\/a><\/p>\n","protected":false},"author":1,"featured_media":4592,"comment_status":"open","ping_status":"open","sticky":false,"template":"","format":"standard","meta":{"footnotes":""},"categories":[1],"tags":[],"class_list":["post-4591","post","type-post","status-publish","format-standard","has-post-thumbnail","hentry","category-uncategorized"],"_links":{"self":[{"href":"https:\/\/dobrezrodla.com\/index.php?rest_route=\/wp\/v2\/posts\/4591","targetHints":{"allow":["GET"]}}],"collection":[{"href":"https:\/\/dobrezrodla.com\/index.php?rest_route=\/wp\/v2\/posts"}],"about":[{"href":"https:\/\/dobrezrodla.com\/index.php?rest_route=\/wp\/v2\/types\/post"}],"author":[{"embeddable":true,"href":"https:\/\/dobrezrodla.com\/index.php?rest_route=\/wp\/v2\/users\/1"}],"replies":[{"embeddable":true,"href":"https:\/\/dobrezrodla.com\/index.php?rest_route=%2Fwp%2Fv2%2Fcomments&post=4591"}],"version-history":[{"count":1,"href":"https:\/\/dobrezrodla.com\/index.php?rest_route=\/wp\/v2\/posts\/4591\/revisions"}],"predecessor-version":[{"id":4593,"href":"https:\/\/dobrezrodla.com\/index.php?rest_route=\/wp\/v2\/posts\/4591\/revisions\/4593"}],"wp:featuredmedia":[{"embeddable":true,"href":"https:\/\/dobrezrodla.com\/index.php?rest_route=\/wp\/v2\/media\/4592"}],"wp:attachment":[{"href":"https:\/\/dobrezrodla.com\/index.php?rest_route=%2Fwp%2Fv2%2Fmedia&parent=4591"}],"wp:term":[{"taxonomy":"category","embeddable":true,"href":"https:\/\/dobrezrodla.com\/index.php?rest_route=%2Fwp%2Fv2%2Fcategories&post=4591"},{"taxonomy":"post_tag","embeddable":true,"href":"https:\/\/dobrezrodla.com\/index.php?rest_route=%2Fwp%2Fv2%2Ftags&post=4591"}],"curies":[{"name":"wp","href":"https:\/\/api.w.org\/{rel}","templated":true}]}}