{"id":4603,"date":"2025-09-21T08:28:20","date_gmt":"2025-09-21T08:28:20","guid":{"rendered":"https:\/\/dobrezrodla.com\/?p=4603"},"modified":"2025-09-21T08:28:21","modified_gmt":"2025-09-21T08:28:21","slug":"tusk-zapowiada-przelom-w-zarnowcu-polska-zbuduje-najwiekszy-magazyn-energii-w-europie","status":"publish","type":"post","link":"https:\/\/dobrezrodla.com\/?p=4603","title":{"rendered":"Tusk zapowiada prze\u0142om w \u017barnowcu. Polska zbuduje najwi\u0119kszy magazyn energii w Europie"},"content":{"rendered":"\n<p>Premier Donald Tusk og\u0142osi\u0142, \u017ce w \u017barnowcu powstaje inwestycja na skal\u0119 kontynentaln\u0105 \u2013 najwi\u0119kszy magazyn energii w ca\u0142ej Europie. Obiekt ma osi\u0105gn\u0105\u0107 moc 260 MW i pojemno\u015b\u0107 niemal 1000 MWh. To kluczowy element strategii transformacji energetycznej, \u0142\u0105cz\u0105cej energi\u0119 z wiatrak\u00f3w, atomu i nowoczesnych technologii magazynowania.<\/p>\n\n\n\n<p>Wed\u0142ug szefa rz\u0105du, taka synergia to przysz\u0142o\u015b\u0107 polskiej energetyki: ta\u0144szy pr\u0105d, wi\u0119ksza niezale\u017cno\u015b\u0107 energetyczna i wi\u0119ksza odporno\u015b\u0107 systemu na kryzysy. Ministerstwo klimatu podkre\u015bla, \u017ce inwestycja wzmacnia nie tylko sektor OZE, ale te\u017c bezpiecze\u0144stwo energetyczne kraju.<\/p>\n\n\n\n<p>Budowa w \u017barnowcu to jasny sygna\u0142, \u017ce Polska zamierza by\u0107 liderem zielonej rewolucji w Europie.<\/p>\n","protected":false},"excerpt":{"rendered":"<p>Premier Donald Tusk og\u0142osi\u0142, \u017ce w \u017barnowcu powstaje inwestycja na skal\u0119 kontynentaln\u0105 \u2013 najwi\u0119kszy magazyn energii w ca\u0142ej Europie. Obiekt ma osi\u0105gn\u0105\u0107 moc 260 MW i pojemno\u015b\u0107 niemal 1000 MWh. To kluczowy element strategii transformacji energetycznej, \u0142\u0105cz\u0105cej energi\u0119 z wiatrak\u00f3w, atomu i nowoczesnych technologii magazynowania. Wed\u0142ug szefa rz\u0105du, taka synergia to przysz\u0142o\u015b\u0107 polskiej energetyki: ta\u0144szy &#8230; <a title=\"Tusk zapowiada prze\u0142om w \u017barnowcu. Polska zbuduje najwi\u0119kszy magazyn energii w Europie\" class=\"read-more\" href=\"https:\/\/dobrezrodla.com\/?p=4603\" aria-label=\"Read more about Tusk zapowiada prze\u0142om w \u017barnowcu. Polska zbuduje najwi\u0119kszy magazyn energii w Europie\">Read more<\/a><\/p>\n","protected":false},"author":1,"featured_media":4604,"comment_status":"open","ping_status":"open","sticky":false,"template":"","format":"standard","meta":{"footnotes":""},"categories":[1],"tags":[],"class_list":["post-4603","post","type-post","status-publish","format-standard","has-post-thumbnail","hentry","category-uncategorized"],"_links":{"self":[{"href":"https:\/\/dobrezrodla.com\/index.php?rest_route=\/wp\/v2\/posts\/4603","targetHints":{"allow":["GET"]}}],"collection":[{"href":"https:\/\/dobrezrodla.com\/index.php?rest_route=\/wp\/v2\/posts"}],"about":[{"href":"https:\/\/dobrezrodla.com\/index.php?rest_route=\/wp\/v2\/types\/post"}],"author":[{"embeddable":true,"href":"https:\/\/dobrezrodla.com\/index.php?rest_route=\/wp\/v2\/users\/1"}],"replies":[{"embeddable":true,"href":"https:\/\/dobrezrodla.com\/index.php?rest_route=%2Fwp%2Fv2%2Fcomments&post=4603"}],"version-history":[{"count":1,"href":"https:\/\/dobrezrodla.com\/index.php?rest_route=\/wp\/v2\/posts\/4603\/revisions"}],"predecessor-version":[{"id":4605,"href":"https:\/\/dobrezrodla.com\/index.php?rest_route=\/wp\/v2\/posts\/4603\/revisions\/4605"}],"wp:featuredmedia":[{"embeddable":true,"href":"https:\/\/dobrezrodla.com\/index.php?rest_route=\/wp\/v2\/media\/4604"}],"wp:attachment":[{"href":"https:\/\/dobrezrodla.com\/index.php?rest_route=%2Fwp%2Fv2%2Fmedia&parent=4603"}],"wp:term":[{"taxonomy":"category","embeddable":true,"href":"https:\/\/dobrezrodla.com\/index.php?rest_route=%2Fwp%2Fv2%2Fcategories&post=4603"},{"taxonomy":"post_tag","embeddable":true,"href":"https:\/\/dobrezrodla.com\/index.php?rest_route=%2Fwp%2Fv2%2Ftags&post=4603"}],"curies":[{"name":"wp","href":"https:\/\/api.w.org\/{rel}","templated":true}]}}