{"id":4609,"date":"2025-09-21T08:31:09","date_gmt":"2025-09-21T08:31:09","guid":{"rendered":"https:\/\/dobrezrodla.com\/?p=4609"},"modified":"2025-09-21T08:31:09","modified_gmt":"2025-09-21T08:31:09","slug":"prezydent-nawrocki-wypisuje-syna-z-edukacji-zdrowotnej-tlumaczy-to-ideologicznym-zagrozeniem","status":"publish","type":"post","link":"https:\/\/dobrezrodla.com\/?p=4609","title":{"rendered":"Prezydent Nawrocki wypisuje syna z edukacji zdrowotnej. T\u0142umaczy to ideologicznym zagro\u017ceniem"},"content":{"rendered":"\n<p>Karol Nawrocki poinformowa\u0142 w mediach spo\u0142eczno\u015bciowych, \u017ce wraz z \u017con\u0105 zdecydowali si\u0119 wypisa\u0107 syna z zaj\u0119\u0107 edukacji zdrowotnej. Decyzj\u0119 uzasadni\u0142 obaw\u0105 przed \u201eprzemycaniem ideologii i polityki\u201d do polskich szk\u00f3\u0142 pod pozorem nowego przedmiotu. Prezydent podkre\u015bli\u0142, \u017ce edukacja dzieci powinna uwzgl\u0119dnia\u0107 warto\u015bci chrze\u015bcija\u0144skie oraz szacunek do kultury i tradycji.<\/p>\n\n\n\n<p>Edukacja zdrowotna, kt\u00f3ra od tego roku zast\u0105pi\u0142a wychowanie do \u017cycia w rodzinie, obejmuje m.in. tematy zdrowia fizycznego i psychicznego, profilaktyki, zdrowego stylu \u017cycia oraz orientacji w systemie opieki zdrowotnej. Przedmiot jest nieobowi\u0105zkowy, a rodzice mog\u0105 zdecydowa\u0107 o nieuczestniczeniu dzieci w zaj\u0119ciach poprzez pisemn\u0105 rezygnacj\u0119.<\/p>\n\n\n\n<p>Decyzja prezydenckiej pary wywo\u0142a\u0142a szerok\u0105 debat\u0119 \u2013 jedni widz\u0105 w niej wyraz troski o warto\u015bci, inni ostrzegaj\u0105 przed ideologizacj\u0105 zdrowia publicznego.<\/p>\n","protected":false},"excerpt":{"rendered":"<p>Karol Nawrocki poinformowa\u0142 w mediach spo\u0142eczno\u015bciowych, \u017ce wraz z \u017con\u0105 zdecydowali si\u0119 wypisa\u0107 syna z zaj\u0119\u0107 edukacji zdrowotnej. Decyzj\u0119 uzasadni\u0142 obaw\u0105 przed \u201eprzemycaniem ideologii i polityki\u201d do polskich szk\u00f3\u0142 pod pozorem nowego przedmiotu. Prezydent podkre\u015bli\u0142, \u017ce edukacja dzieci powinna uwzgl\u0119dnia\u0107 warto\u015bci chrze\u015bcija\u0144skie oraz szacunek do kultury i tradycji. Edukacja zdrowotna, kt\u00f3ra od tego roku zast\u0105pi\u0142a &#8230; <a title=\"Prezydent Nawrocki wypisuje syna z edukacji zdrowotnej. T\u0142umaczy to ideologicznym zagro\u017ceniem\" class=\"read-more\" href=\"https:\/\/dobrezrodla.com\/?p=4609\" aria-label=\"Read more about Prezydent Nawrocki wypisuje syna z edukacji zdrowotnej. T\u0142umaczy to ideologicznym zagro\u017ceniem\">Read more<\/a><\/p>\n","protected":false},"author":1,"featured_media":4611,"comment_status":"open","ping_status":"open","sticky":false,"template":"","format":"standard","meta":{"footnotes":""},"categories":[1],"tags":[],"class_list":["post-4609","post","type-post","status-publish","format-standard","has-post-thumbnail","hentry","category-uncategorized"],"_links":{"self":[{"href":"https:\/\/dobrezrodla.com\/index.php?rest_route=\/wp\/v2\/posts\/4609","targetHints":{"allow":["GET"]}}],"collection":[{"href":"https:\/\/dobrezrodla.com\/index.php?rest_route=\/wp\/v2\/posts"}],"about":[{"href":"https:\/\/dobrezrodla.com\/index.php?rest_route=\/wp\/v2\/types\/post"}],"author":[{"embeddable":true,"href":"https:\/\/dobrezrodla.com\/index.php?rest_route=\/wp\/v2\/users\/1"}],"replies":[{"embeddable":true,"href":"https:\/\/dobrezrodla.com\/index.php?rest_route=%2Fwp%2Fv2%2Fcomments&post=4609"}],"version-history":[{"count":1,"href":"https:\/\/dobrezrodla.com\/index.php?rest_route=\/wp\/v2\/posts\/4609\/revisions"}],"predecessor-version":[{"id":4612,"href":"https:\/\/dobrezrodla.com\/index.php?rest_route=\/wp\/v2\/posts\/4609\/revisions\/4612"}],"wp:featuredmedia":[{"embeddable":true,"href":"https:\/\/dobrezrodla.com\/index.php?rest_route=\/wp\/v2\/media\/4611"}],"wp:attachment":[{"href":"https:\/\/dobrezrodla.com\/index.php?rest_route=%2Fwp%2Fv2%2Fmedia&parent=4609"}],"wp:term":[{"taxonomy":"category","embeddable":true,"href":"https:\/\/dobrezrodla.com\/index.php?rest_route=%2Fwp%2Fv2%2Fcategories&post=4609"},{"taxonomy":"post_tag","embeddable":true,"href":"https:\/\/dobrezrodla.com\/index.php?rest_route=%2Fwp%2Fv2%2Ftags&post=4609"}],"curies":[{"name":"wp","href":"https:\/\/api.w.org\/{rel}","templated":true}]}}