{"id":4616,"date":"2025-09-21T08:32:53","date_gmt":"2025-09-21T08:32:53","guid":{"rendered":"https:\/\/dobrezrodla.com\/?p=4616"},"modified":"2025-09-21T08:32:53","modified_gmt":"2025-09-21T08:32:53","slug":"przydacz-klich-nie-zostanie-ambasadorem-w-usa-ostra-krytyka-sikorskiego-i-spiecia-przed-szczytem-onz","status":"publish","type":"post","link":"https:\/\/dobrezrodla.com\/?p=4616","title":{"rendered":"Przydacz: Klich nie zostanie ambasadorem w USA. Ostra krytyka Sikorskiego i spi\u0119cia przed szczytem ONZ"},"content":{"rendered":"\n<p>Marcin Przydacz zdecydowanie sprzeciwi\u0142 si\u0119 mo\u017cliwo\u015bci nominacji Bogdana Klicha na ambasadora Polski w Waszyngtonie. Szef prezydenckiego Biura Polityki Mi\u0119dzynarodowej podczas briefingu w Nowym Jorku wezwa\u0142 Rados\u0142awa Sikorskiego do wycofania \u2013 jak to uj\u0105\u0142 \u2013 \u201ez\u0142ej nominacji\u201d, twierdz\u0105c, \u017ce Klich nigdy nie otrzyma zgody prezydenta na obj\u0119cie tej funkcji.<\/p>\n\n\n\n<p>Cho\u0107 Przydacz zadeklarowa\u0142 gotowo\u015b\u0107 do wsp\u00f3\u0142pracy z MSZ, jednocze\u015bnie wbi\u0142 szpil\u0119 szefowi resortu. Zarzuci\u0142 mu brak zdolno\u015bci do wsp\u00f3\u0142pracy z kolejnymi doradcami prezydenta, sugeruj\u0105c, \u017ce \u015bwiadczy to o jego niekompetencji dyplomatycznej. Sp\u00f3r dotyczy te\u017c rzekomego zwyczaju wsp\u00f3lnych lot\u00f3w na sesje ONZ \u2013 tu wersje Pa\u0142acu Prezydenckiego i MSZ s\u0105 sprzeczne.<\/p>\n\n\n\n<p>Przydacz odni\u00f3s\u0142 si\u0119 r\u00f3wnie\u017c do przes\u0142anego listu od Donalda Trumpa \u2013 jak stwierdzi\u0142, by\u0142 to list kurtuazyjny, z odniesieniami do udanej wizyty Nawrockiego w Waszyngtonie. W Nowym Jorku mo\u017ce doj\u015b\u0107 do kolejnej rozmowy obu prezydent\u00f3w, a Nawrocki ma poruszy\u0107 temat rosyjskiej agresji i zagro\u017ce\u0144 dla bezpiecze\u0144stwa regionu.<\/p>\n","protected":false},"excerpt":{"rendered":"<p>Marcin Przydacz zdecydowanie sprzeciwi\u0142 si\u0119 mo\u017cliwo\u015bci nominacji Bogdana Klicha na ambasadora Polski w Waszyngtonie. Szef prezydenckiego Biura Polityki Mi\u0119dzynarodowej podczas briefingu w Nowym Jorku wezwa\u0142 Rados\u0142awa Sikorskiego do wycofania \u2013 jak to uj\u0105\u0142 \u2013 \u201ez\u0142ej nominacji\u201d, twierdz\u0105c, \u017ce Klich nigdy nie otrzyma zgody prezydenta na obj\u0119cie tej funkcji. Cho\u0107 Przydacz zadeklarowa\u0142 gotowo\u015b\u0107 do wsp\u00f3\u0142pracy z &#8230; <a title=\"Przydacz: Klich nie zostanie ambasadorem w USA. Ostra krytyka Sikorskiego i spi\u0119cia przed szczytem ONZ\" class=\"read-more\" href=\"https:\/\/dobrezrodla.com\/?p=4616\" aria-label=\"Read more about Przydacz: Klich nie zostanie ambasadorem w USA. Ostra krytyka Sikorskiego i spi\u0119cia przed szczytem ONZ\">Read more<\/a><\/p>\n","protected":false},"author":1,"featured_media":4617,"comment_status":"open","ping_status":"open","sticky":false,"template":"","format":"standard","meta":{"footnotes":""},"categories":[1],"tags":[],"class_list":["post-4616","post","type-post","status-publish","format-standard","has-post-thumbnail","hentry","category-uncategorized"],"_links":{"self":[{"href":"https:\/\/dobrezrodla.com\/index.php?rest_route=\/wp\/v2\/posts\/4616","targetHints":{"allow":["GET"]}}],"collection":[{"href":"https:\/\/dobrezrodla.com\/index.php?rest_route=\/wp\/v2\/posts"}],"about":[{"href":"https:\/\/dobrezrodla.com\/index.php?rest_route=\/wp\/v2\/types\/post"}],"author":[{"embeddable":true,"href":"https:\/\/dobrezrodla.com\/index.php?rest_route=\/wp\/v2\/users\/1"}],"replies":[{"embeddable":true,"href":"https:\/\/dobrezrodla.com\/index.php?rest_route=%2Fwp%2Fv2%2Fcomments&post=4616"}],"version-history":[{"count":1,"href":"https:\/\/dobrezrodla.com\/index.php?rest_route=\/wp\/v2\/posts\/4616\/revisions"}],"predecessor-version":[{"id":4618,"href":"https:\/\/dobrezrodla.com\/index.php?rest_route=\/wp\/v2\/posts\/4616\/revisions\/4618"}],"wp:featuredmedia":[{"embeddable":true,"href":"https:\/\/dobrezrodla.com\/index.php?rest_route=\/wp\/v2\/media\/4617"}],"wp:attachment":[{"href":"https:\/\/dobrezrodla.com\/index.php?rest_route=%2Fwp%2Fv2%2Fmedia&parent=4616"}],"wp:term":[{"taxonomy":"category","embeddable":true,"href":"https:\/\/dobrezrodla.com\/index.php?rest_route=%2Fwp%2Fv2%2Fcategories&post=4616"},{"taxonomy":"post_tag","embeddable":true,"href":"https:\/\/dobrezrodla.com\/index.php?rest_route=%2Fwp%2Fv2%2Ftags&post=4616"}],"curies":[{"name":"wp","href":"https:\/\/api.w.org\/{rel}","templated":true}]}}