{"id":4632,"date":"2025-09-22T06:32:24","date_gmt":"2025-09-22T06:32:24","guid":{"rendered":"https:\/\/dobrezrodla.com\/?p=4632"},"modified":"2025-09-22T06:32:24","modified_gmt":"2025-09-22T06:32:24","slug":"osobne-samoloty-jeden-cel-sikorski-i-nawrocki-w-cieniu-dyplomatycznej-niezrecznosci","status":"publish","type":"post","link":"https:\/\/dobrezrodla.com\/?p=4632","title":{"rendered":"Osobne samoloty, jeden cel. Sikorski i Nawrocki w cieniu dyplomatycznej niezr\u0119czno\u015bci"},"content":{"rendered":"\n<p>Cho\u0107 prezydent Karol Nawrocki i minister spraw zagranicznych Rados\u0142aw Sikorski polecieli do Nowego Jorku z tej samej okazji \u2013 na 80. sesj\u0119 Zgromadzenia Og\u00f3lnego ONZ \u2013 to zrobili to osobno. I to nie bez echa.<\/p>\n\n\n\n<p>Jak ujawni\u0142 prezydencki minister Marcin Przydacz, do Pa\u0142acu Prezydenckiego nie wp\u0142yn\u0119\u0142a \u017cadna pro\u015bba o wsp\u00f3lny lot. \u2013 W dokumentach minister <\/p>\n\n\n\n<p>Sikorski figuruje jako cz\u0142onek polskiej delegacji \u2013 wyja\u015bni\u0142 Przydacz. Podkre\u015bli\u0142 jednak, \u017ce ka\u017cde z nich ma sw\u00f3j odr\u0119bny harmonogram spotka\u0144.<\/p>\n\n\n\n<p>Na reakcj\u0119 MSZ nie trzeba by\u0142o d\u0142ugo czeka\u0107. Rzecznik resortu Pawe\u0142 Wro\u0144ski przypomnia\u0142, \u017ce \u201edo tej pory istnia\u0142a elegancka tradycja\u201d, wed\u0142ug kt\u00f3rej szef dyplomacji by\u0142<\/p>\n\n\n\n<p> zapraszany na pok\u0142ad prezydenckiego samolotu podczas wyjazd\u00f3w na sesje ONZ. S\u0142owa te wielu odczyta\u0142o jako subtelny zarzut pod adresem g\u0142owy pa\u0144stwa.<\/p>\n\n\n\n<p>Cho\u0107 oficjalnie nikt nie m\u00f3wi o konflikcie, to sytuacja ta ujawnia coraz bardziej napi\u0119te relacje mi\u0119dzy Pa\u0142acem Prezydenckim a MSZ. <\/p>\n\n\n\n<p>Nawrocki i Sikorski z pewno\u015bci\u0105 spotkaj\u0105 si\u0119 w Nowym Jorku \u2013 pytanie, czy b\u0119d\u0105 m\u00f3wi\u0107 jednym g\u0142osem, czy tylko udawa\u0107 jedno\u015b\u0107 w obliczu kamer.<\/p>\n","protected":false},"excerpt":{"rendered":"<p>Cho\u0107 prezydent Karol Nawrocki i minister spraw zagranicznych Rados\u0142aw Sikorski polecieli do Nowego Jorku z tej samej okazji \u2013 na 80. sesj\u0119 Zgromadzenia Og\u00f3lnego ONZ \u2013 to zrobili to osobno. I to nie bez echa. Jak ujawni\u0142 prezydencki minister Marcin Przydacz, do Pa\u0142acu Prezydenckiego nie wp\u0142yn\u0119\u0142a \u017cadna pro\u015bba o wsp\u00f3lny lot. \u2013 W dokumentach minister &#8230; <a title=\"Osobne samoloty, jeden cel. Sikorski i Nawrocki w cieniu dyplomatycznej niezr\u0119czno\u015bci\" class=\"read-more\" href=\"https:\/\/dobrezrodla.com\/?p=4632\" aria-label=\"Read more about Osobne samoloty, jeden cel. Sikorski i Nawrocki w cieniu dyplomatycznej niezr\u0119czno\u015bci\">Read more<\/a><\/p>\n","protected":false},"author":1,"featured_media":4633,"comment_status":"open","ping_status":"open","sticky":false,"template":"","format":"standard","meta":{"footnotes":""},"categories":[1],"tags":[],"class_list":["post-4632","post","type-post","status-publish","format-standard","has-post-thumbnail","hentry","category-uncategorized"],"_links":{"self":[{"href":"https:\/\/dobrezrodla.com\/index.php?rest_route=\/wp\/v2\/posts\/4632","targetHints":{"allow":["GET"]}}],"collection":[{"href":"https:\/\/dobrezrodla.com\/index.php?rest_route=\/wp\/v2\/posts"}],"about":[{"href":"https:\/\/dobrezrodla.com\/index.php?rest_route=\/wp\/v2\/types\/post"}],"author":[{"embeddable":true,"href":"https:\/\/dobrezrodla.com\/index.php?rest_route=\/wp\/v2\/users\/1"}],"replies":[{"embeddable":true,"href":"https:\/\/dobrezrodla.com\/index.php?rest_route=%2Fwp%2Fv2%2Fcomments&post=4632"}],"version-history":[{"count":1,"href":"https:\/\/dobrezrodla.com\/index.php?rest_route=\/wp\/v2\/posts\/4632\/revisions"}],"predecessor-version":[{"id":4634,"href":"https:\/\/dobrezrodla.com\/index.php?rest_route=\/wp\/v2\/posts\/4632\/revisions\/4634"}],"wp:featuredmedia":[{"embeddable":true,"href":"https:\/\/dobrezrodla.com\/index.php?rest_route=\/wp\/v2\/media\/4633"}],"wp:attachment":[{"href":"https:\/\/dobrezrodla.com\/index.php?rest_route=%2Fwp%2Fv2%2Fmedia&parent=4632"}],"wp:term":[{"taxonomy":"category","embeddable":true,"href":"https:\/\/dobrezrodla.com\/index.php?rest_route=%2Fwp%2Fv2%2Fcategories&post=4632"},{"taxonomy":"post_tag","embeddable":true,"href":"https:\/\/dobrezrodla.com\/index.php?rest_route=%2Fwp%2Fv2%2Ftags&post=4632"}],"curies":[{"name":"wp","href":"https:\/\/api.w.org\/{rel}","templated":true}]}}