{"id":4635,"date":"2025-09-22T06:32:56","date_gmt":"2025-09-22T06:32:56","guid":{"rendered":"https:\/\/dobrezrodla.com\/?p=4635"},"modified":"2025-09-22T06:32:56","modified_gmt":"2025-09-22T06:32:56","slug":"zaskakujacy-zwrot-w-sprawie-nowaka-polski-watek-umorzony-prokurator-sie-zgodzil","status":"publish","type":"post","link":"https:\/\/dobrezrodla.com\/?p=4635","title":{"rendered":"Zaskakuj\u0105cy zwrot w sprawie Nowaka. Polski w\u0105tek umorzony \u2013 prokurator si\u0119 zgodzi\u0142"},"content":{"rendered":"\n<p>Jeszcze zanim proces w tzw. \u201epolskim w\u0105tku\u201d afery S\u0142awomira Nowaka na dobre si\u0119 rozpocz\u0105\u0142, s\u0105d podj\u0105\u0142 decyzj\u0119 o jego umorzeniu. Pow\u00f3d? &#8220;Oczywisty brak podstaw oskar\u017cenia&#8221; \u2013 ustali\u0142 reporter \u201eFakt\u00f3w\u201d TVN Micha\u0142 Tracz.<\/p>\n\n\n\n<p>To wydarzenie mo\u017ce by\u0107 jednym z najbardziej zaskakuj\u0105cych moment\u00f3w w tej wielow\u0105tkowej sprawie. S\u0105d Rejonowy Warszawa-Mokot\u00f3w nie tylko przychyli\u0142 si\u0119 do wniosku obro\u0144c\u00f3w by\u0142ego ministra transportu, ale \u2013 co zdumiewaj\u0105ce \u2013 popar\u0142 go r\u00f3wnie\u017c sam prokurator, kt\u00f3ry obj\u0105\u0142 spraw\u0119 ju\u017c po zmianie w\u0142adzy.<\/p>\n\n\n\n<p>Nowak, kt\u00f3ry przez lata by\u0142 bliskim wsp\u00f3\u0142pracownikiem Donalda Tuska, a p\u00f3\u017aniej pe\u0142ni\u0142 funkcj\u0119 szefa Ukrawtodoru na Ukrainie, zosta\u0142 oskar\u017cony m.in. o przyjmowanie \u0142ap\u00f3wek za ustawianie stanowisk w sp\u00f3\u0142kach Skarbu Pa\u0144stwa. Teraz s\u0105d jednoznacznie stwierdzi\u0142 \u2013 dowod\u00f3w brak.<\/p>\n\n\n\n<p>\u2013 To nie jest pow\u00f3d do triumfu, ale do gorzkiej satysfakcji. Mo\u017ce kto\u015b kiedy\u015b poniesie odpowiedzialno\u015b\u0107 za t\u0119 polityczn\u0105 nagonk\u0119 \u2013 komentuje S\u0142awomir Nowak.<\/p>\n\n\n\n<p>G\u0142\u00f3wny proces \u2013 dotycz\u0105cy domniemanych nadu\u017cy\u0107 na Ukrainie \u2013 wci\u0105\u017c trwa. Nowak jest oskar\u017cony m.in. o kierowanie grup\u0105 przest\u0119pcz\u0105 i pranie brudnych pieni\u0119dzy. Ale s\u0105dowa decyzja w Polsce mo\u017ce znacz\u0105co wp\u0142yn\u0105\u0107 na percepcj\u0119 ca\u0142ej sprawy \u2013 szczeg\u00f3lnie \u017ce zapad\u0142a przy zgodzie obu stron.<\/p>\n\n\n\n<p>Czy to pierwszy krok do ca\u0142kowitego oczyszczenia Nowaka z zarzut\u00f3w? A mo\u017ce dopiero pocz\u0105tek kolejnej burzy medialno-politycznej?<\/p>\n","protected":false},"excerpt":{"rendered":"<p>Jeszcze zanim proces w tzw. \u201epolskim w\u0105tku\u201d afery S\u0142awomira Nowaka na dobre si\u0119 rozpocz\u0105\u0142, s\u0105d podj\u0105\u0142 decyzj\u0119 o jego umorzeniu. Pow\u00f3d? &#8220;Oczywisty brak podstaw oskar\u017cenia&#8221; \u2013 ustali\u0142 reporter \u201eFakt\u00f3w\u201d TVN Micha\u0142 Tracz. To wydarzenie mo\u017ce by\u0107 jednym z najbardziej zaskakuj\u0105cych moment\u00f3w w tej wielow\u0105tkowej sprawie. S\u0105d Rejonowy Warszawa-Mokot\u00f3w nie tylko przychyli\u0142 si\u0119 do wniosku obro\u0144c\u00f3w &#8230; <a title=\"Zaskakuj\u0105cy zwrot w sprawie Nowaka. Polski w\u0105tek umorzony \u2013 prokurator si\u0119 zgodzi\u0142\" class=\"read-more\" href=\"https:\/\/dobrezrodla.com\/?p=4635\" aria-label=\"Read more about Zaskakuj\u0105cy zwrot w sprawie Nowaka. Polski w\u0105tek umorzony \u2013 prokurator si\u0119 zgodzi\u0142\">Read more<\/a><\/p>\n","protected":false},"author":1,"featured_media":4636,"comment_status":"open","ping_status":"open","sticky":false,"template":"","format":"standard","meta":{"footnotes":""},"categories":[1],"tags":[],"class_list":["post-4635","post","type-post","status-publish","format-standard","has-post-thumbnail","hentry","category-uncategorized"],"_links":{"self":[{"href":"https:\/\/dobrezrodla.com\/index.php?rest_route=\/wp\/v2\/posts\/4635","targetHints":{"allow":["GET"]}}],"collection":[{"href":"https:\/\/dobrezrodla.com\/index.php?rest_route=\/wp\/v2\/posts"}],"about":[{"href":"https:\/\/dobrezrodla.com\/index.php?rest_route=\/wp\/v2\/types\/post"}],"author":[{"embeddable":true,"href":"https:\/\/dobrezrodla.com\/index.php?rest_route=\/wp\/v2\/users\/1"}],"replies":[{"embeddable":true,"href":"https:\/\/dobrezrodla.com\/index.php?rest_route=%2Fwp%2Fv2%2Fcomments&post=4635"}],"version-history":[{"count":1,"href":"https:\/\/dobrezrodla.com\/index.php?rest_route=\/wp\/v2\/posts\/4635\/revisions"}],"predecessor-version":[{"id":4637,"href":"https:\/\/dobrezrodla.com\/index.php?rest_route=\/wp\/v2\/posts\/4635\/revisions\/4637"}],"wp:featuredmedia":[{"embeddable":true,"href":"https:\/\/dobrezrodla.com\/index.php?rest_route=\/wp\/v2\/media\/4636"}],"wp:attachment":[{"href":"https:\/\/dobrezrodla.com\/index.php?rest_route=%2Fwp%2Fv2%2Fmedia&parent=4635"}],"wp:term":[{"taxonomy":"category","embeddable":true,"href":"https:\/\/dobrezrodla.com\/index.php?rest_route=%2Fwp%2Fv2%2Fcategories&post=4635"},{"taxonomy":"post_tag","embeddable":true,"href":"https:\/\/dobrezrodla.com\/index.php?rest_route=%2Fwp%2Fv2%2Ftags&post=4635"}],"curies":[{"name":"wp","href":"https:\/\/api.w.org\/{rel}","templated":true}]}}