{"id":4651,"date":"2025-09-29T05:44:23","date_gmt":"2025-09-29T05:44:23","guid":{"rendered":"https:\/\/dobrezrodla.com\/?p=4651"},"modified":"2025-09-29T05:44:23","modified_gmt":"2025-09-29T05:44:23","slug":"mama-wreczyla-mi-swoj-nowy-testament-z-triumfalnym-spojrzeniem","status":"publish","type":"post","link":"https:\/\/dobrezrodla.com\/?p=4651","title":{"rendered":"Mama wr\u0119czy\u0142a mi sw\u00f3j nowy testament z triumfalnym spojrzeniem."},"content":{"rendered":"\n<p>Ale tego dnia, kiedy mama rzuci\u0142a mi testament w twarz jak osobiste zwyci\u0119stwo, co\u015b we mnie p\u0119k\u0142o na dobre. To by\u0142o tak, jakby wszystkie lata po\u015bwi\u0119ce\u0144, wszystkie moje akty dobroci i milczenia zosta\u0142y wymazane jednym zdaniem. Czu\u0142am si\u0119 pusta, ale i wyzwolona.<\/p>\n\n\n\n<p>Wysz\u0142am z ich domu, nie ogl\u0105daj\u0105c si\u0119 za siebie. Zimne jesienne powietrze szczypa\u0142o mnie w policzki, ale po raz pierwszy od dawna czu\u0142am, \u017ce mog\u0119 oddycha\u0107. Nie by\u0142am ju\u017c dzieckiem szukaj\u0105cym aprobaty. By\u0142am kobiet\u0105, kt\u00f3ra nauczy\u0142a si\u0119 i\u015b\u0107 w\u0142asn\u0105 drog\u0105 i teraz nadszed\u0142 czas, by pokaza\u0107 im, co znaczy straci\u0107 to, czego nie umia\u0142o si\u0119 doceni\u0107.<\/p>\n\n\n\n<p>Nigdy do nich nie wr\u00f3ci\u0142am. Ani na wielkanocne obiady, ani na kol\u0119dy. Zerwa\u0142am ni\u0107 \u0142\u0105cz\u0105c\u0105 mnie z rodzin\u0105, kt\u00f3ra nigdy mnie tak naprawd\u0119 nie widzia\u0142a. A jednak b\u00f3l w mojej duszy nie znikn\u0105\u0142. Dorasta\u0142am s\u0142uchaj\u0105c opowie\u015bci babci o tym, jak w trudnych chwilach krewni pomagali sobie nawzajem: gromadzili si\u0119 przy stole, wspierali si\u0119 w pracy na roli, dzielili chleb i k\u0142opoty. To by\u0142 dla mnie obraz prawdziwej rumu\u0144skiej rodziny. Ale to, czego do\u015bwiadczy\u0142am, nie mia\u0142o z tym nic wsp\u00f3lnego.<\/p>\n\n\n\n<p>Moja firma rozkwita\u0142a. Zdobywa\u0142am nowe kontrakty, otwiera\u0142am biura w wi\u0119kszym mie\u015bcie i zatrudnia\u0142am m\u0142odych, ambitnych ludzi, wielu z nich z niezamo\u017cnych rodzin. Widzia\u0142am w ich oczach ten b\u0142ysk, kt\u00f3ry chcia\u0142abym, \u017ceby moi rodzice dostrzegli we mnie. I wtedy zrozumia\u0142am: rodzin\u0119, kt\u00f3rej nie zasta\u0142am w domu, mog\u0119 zbudowa\u0107 sama, krok po kroku, z lud\u017ami, kt\u00f3rzy podzielali moje warto\u015bci.<\/p>\n\n\n\n<p>Wtedy zadzwoni\u0142 telefon. Z mojej rodzinnej wsi. Zmar\u0142 m\u00f3j ojciec. Nie zadzwonili do mnie mama i Andriej, ale stara s\u0105siadka, ciocia Ileana, kt\u00f3ra wci\u0105\u017c pami\u0119ta\u0142a, jak sz\u0142am boso alejk\u0105. Poczu\u0142am gul\u0119 w gardle. Posz\u0142am na pogrzeb, ale nie dla nich. Posz\u0142am dla siebie, dla tego ma\u0142ego dziecka, kt\u00f3re wci\u0105\u017c mia\u0142o nadziej\u0119, \u017ce przynajmniej w chwili rozstania otrzyma spojrzenie pe\u0142ne uznania.<\/p>\n\n\n\n<p>Cmentarz by\u0142 pe\u0142en. M\u0119\u017cczy\u017ani w czarnych kapeluszach, kobiety w kwiecistych chustach, zapach kadzid\u0142a i colivy. Ksi\u0105dz cicho \u015bpiewa\u0142, a wiatr szele\u015bci\u0142 wiankami z kwiat\u00f3w. Siedzia\u0142am z ty\u0142u, w milczeniu. Mama na mnie nie patrzy\u0142a. Andriej wspiera\u0142 si\u0119 na ramieniu kuzyna, z t\u0105 sam\u0105 postaw\u0105 cz\u0142owieka skrzywdzonego przez \u017cycie. A jednak ludzie ze wsi podchodzili do mnie, \u015bciskali mi d\u0142o\u0144 i m\u00f3wili: \u201eB\u0105d\u017a dumna, droga dziewczyno. Pomog\u0142a\u015b wi\u0119cej, ni\u017c ktokolwiek wie\u201d.<\/p>\n\n\n\n<p>Wtedy poczu\u0142am, \u017ce moja historia nie posz\u0142a na marne. Mo\u017ce moi rodzice nigdy nie widzieli moich wysi\u0142k\u00f3w, ale spo\u0142eczno\u015b\u0107, zwykli ludzie, ci, kt\u00f3rzy \u017cyli niepisanym prawem solidarno\u015bci, wiedzieli. I to si\u0119 liczy\u0142o.<\/p>\n\n\n\n<p>Po pogrzebie mama pr\u00f3bowa\u0142a si\u0119 ze mn\u0105 skontaktowa\u0107. Zapyta\u0142a mnie p\u00f3\u0142g\u0142osem, czy mog\u0142abym wesprze\u0107 j\u0105 finansowo, \u201eprzynajmniej dop\u00f3ki nie przetrwa tego trudnego okresu\u201d. Spojrza\u0142am na ni\u0105 i po raz pierwszy nie czu\u0142am ju\u017c gniewu. Czu\u0142am tylko spok\u00f3j.<\/p>\n\n\n\n<p>\u201eDokona\u0142a\u015b wyboru, matko\u201d \u2013 powiedzia\u0142am. \u201eJa dokona\u0142am swojego\u201d.<\/p>\n\n\n\n<p>Odesz\u0142am, a w mojej duszy nie by\u0142o ju\u017c zemsty, ch\u0119ci udowadniania czegokolwiek. By\u0142a tylko wolno\u015b\u0107.<\/p>\n\n\n\n<p>I wtedy zrozumia\u0142am najprostsz\u0105 prawd\u0119: to nie krew czyni nas rodzin\u0105, ale dobro\u0107, wsparcie i wdzi\u0119czno\u015b\u0107. Tego dnia zamkn\u0119\u0142am bolesny rozdzia\u0142 i rozpocz\u0119\u0142am kolejny, w kt\u00f3rym nie by\u0142am ju\u017c niewidzialn\u0105 dziewczyn\u0105, ale kobiet\u0105, kt\u00f3ra napisa\u0142a swoj\u0105 w\u0142asn\u0105 histori\u0119.<\/p>\n\n\n\n<p>A co by\u0107 mo\u017ce najwa\u017cniejsze, nauczy\u0142am si\u0119, \u017ce czasami, aby i\u015b\u0107 naprz\u00f3d, trzeba pozwoli\u0107 przesz\u0142o\u015bci spocz\u0105\u0107 w pokoju, obok krzy\u017cy na cmentarzu.<\/p>\n\n\n\n<p>Ta praca jest inspirowana prawdziwymi wydarzeniami i postaciami, ale zosta\u0142a sfabularyzowana dla cel\u00f3w tw\u00f3rczych. Imiona, postacie i szczeg\u00f3\u0142y zosta\u0142y zmienione w celu ochrony prywatno\u015bci i wzbogacenia narracji. Wszelkie podobie\u0144stwo do prawdziwych os\u00f3b, \u017cywych lub zmar\u0142ych, lub do rzeczywistych wydarze\u0144 jest czysto przypadkowe i niezamierzone przez autora.<\/p>\n\n\n\n<p>Autor i wydawca nie ponosz\u0105 odpowiedzialno\u015bci za prawdziwo\u015b\u0107 wydarze\u0144 ani spos\u00f3b przedstawienia postaci, a tak\u017ce nie ponosz\u0105 odpowiedzialno\u015bci za jakiekolwiek b\u0142\u0119dne interpretacje. Niniejsza historia jest udost\u0119pniana \u201etak jak jest\u201d, a wszelkie wyra\u017cone w niej opinie s\u0105 opiniami postaci i nie odzwierciedlaj\u0105 pogl\u0105d\u00f3w autora ani wydawcy.<\/p>\n","protected":false},"excerpt":{"rendered":"<p>Ale tego dnia, kiedy mama rzuci\u0142a mi testament w twarz jak osobiste zwyci\u0119stwo, co\u015b we mnie p\u0119k\u0142o na dobre. To by\u0142o tak, jakby wszystkie lata po\u015bwi\u0119ce\u0144, wszystkie moje akty dobroci i milczenia zosta\u0142y wymazane jednym zdaniem. Czu\u0142am si\u0119 pusta, ale i wyzwolona. Wysz\u0142am z ich domu, nie ogl\u0105daj\u0105c si\u0119 za siebie. Zimne jesienne powietrze szczypa\u0142o &#8230; <a title=\"Mama wr\u0119czy\u0142a mi sw\u00f3j nowy testament z triumfalnym spojrzeniem.\" class=\"read-more\" href=\"https:\/\/dobrezrodla.com\/?p=4651\" aria-label=\"Read more about Mama wr\u0119czy\u0142a mi sw\u00f3j nowy testament z triumfalnym spojrzeniem.\">Read more<\/a><\/p>\n","protected":false},"author":1,"featured_media":0,"comment_status":"open","ping_status":"open","sticky":false,"template":"","format":"standard","meta":{"footnotes":""},"categories":[1],"tags":[],"class_list":["post-4651","post","type-post","status-publish","format-standard","hentry","category-uncategorized"],"_links":{"self":[{"href":"https:\/\/dobrezrodla.com\/index.php?rest_route=\/wp\/v2\/posts\/4651","targetHints":{"allow":["GET"]}}],"collection":[{"href":"https:\/\/dobrezrodla.com\/index.php?rest_route=\/wp\/v2\/posts"}],"about":[{"href":"https:\/\/dobrezrodla.com\/index.php?rest_route=\/wp\/v2\/types\/post"}],"author":[{"embeddable":true,"href":"https:\/\/dobrezrodla.com\/index.php?rest_route=\/wp\/v2\/users\/1"}],"replies":[{"embeddable":true,"href":"https:\/\/dobrezrodla.com\/index.php?rest_route=%2Fwp%2Fv2%2Fcomments&post=4651"}],"version-history":[{"count":1,"href":"https:\/\/dobrezrodla.com\/index.php?rest_route=\/wp\/v2\/posts\/4651\/revisions"}],"predecessor-version":[{"id":4652,"href":"https:\/\/dobrezrodla.com\/index.php?rest_route=\/wp\/v2\/posts\/4651\/revisions\/4652"}],"wp:attachment":[{"href":"https:\/\/dobrezrodla.com\/index.php?rest_route=%2Fwp%2Fv2%2Fmedia&parent=4651"}],"wp:term":[{"taxonomy":"category","embeddable":true,"href":"https:\/\/dobrezrodla.com\/index.php?rest_route=%2Fwp%2Fv2%2Fcategories&post=4651"},{"taxonomy":"post_tag","embeddable":true,"href":"https:\/\/dobrezrodla.com\/index.php?rest_route=%2Fwp%2Fv2%2Ftags&post=4651"}],"curies":[{"name":"wp","href":"https:\/\/api.w.org\/{rel}","templated":true}]}}