{"id":4686,"date":"2025-09-30T09:46:44","date_gmt":"2025-09-30T09:46:44","guid":{"rendered":"https:\/\/dobrezrodla.com\/?p=4686"},"modified":"2025-09-30T09:46:44","modified_gmt":"2025-09-30T09:46:44","slug":"au-trecut-cinci-ani-de-cand-mi-am-pierdut-sotia","status":"publish","type":"post","link":"https:\/\/dobrezrodla.com\/?p=4686","title":{"rendered":"Au trecut cinci ani de c\u00e2nd mi-am pierdut so\u021bia"},"content":{"rendered":"\n<p>Nu-mi venea s\u0103 cred. Inima \u00eemi b\u0103tea \u00een piept ca o tob\u0103, iar picioarele mi se \u00eenmuiaser\u0103. Mireasa din fa\u021ba mea era\u2026 Luciana.<\/p>\n\n\n\n<p>Nu, nu putea fi ea. Luciana, femeia pe care o pl\u00e2nsesem, pe care o jelisem ani la r\u00e2nd, cea pe care o crezusem moart\u0103. Mama fiicei mele.<\/p>\n\n\n\n<p>Ea a tres\u0103rit c\u00e2nd privirea noastr\u0103 s-a \u00eent\u00e2lnit, dar \u0219i-a rec\u0103p\u0103tat rapid masca de ghea\u021b\u0103, z\u00e2mbind protocolar pentru invita\u021bi. Eu \u00eens\u0103 sim\u021beam cum tot ce cl\u0103disem \u00een cinci ani \u2013 lini\u0219tea, afacerea, echilibrul meu fragil \u2013 se pr\u0103bu\u0219ea \u00een praf.<\/p>\n\n\n\n<p>Alma m\u0103 str\u00e2ngea de m\u00e2n\u0103, ne\u00een\u021beleg\u00e2nd nimic. \u201eTati, de ce tremuri?\u201d, m-a \u00eentrebat cu ochii mari, nevinova\u021bi. Am \u00eenghi\u021bit \u00een sec \u0219i am str\u00e2ns-o mai tare l\u00e2ng\u0103 mine.<\/p>\n\n\n\n<p>Esteban, mirele, radia de fericire. Nu \u0219tia nimic. Cum ar fi putut? C\u00e2t de perfid fusese jocul Lucianei? S\u0103 dispar\u0103 din via\u021ba mea, s\u0103 m\u0103 lase cu un copil mic, s\u0103 m\u0103 rup\u0103 \u00een buc\u0103\u021bi\u2026 iar acum s\u0103 apar\u0103 \u00een rochia alb\u0103, l\u00e2ng\u0103 prietenul meu cel mai bun.<\/p>\n\n\n\n<p>Pe drum spre mas\u0103, am sim\u021bit mirosul de flori albe \u0219i sare de mare. Totul p\u0103rea idilic, dar pentru mine era un co\u0219mar. M\u0103 g\u00e2ndeam la mama mea, la serile c\u00e2nd \u00eemi spunea: \u201eFeri\u021bi-v\u0103 de oamenii care mint frumos, Javiere. Ei dor cel mai tare.\u201d<\/p>\n\n\n\n<p>\u0218i acum, cuvintele ei \u00eemi r\u0103sunau \u00een cap ca un blestem.<\/p>\n\n\n\n<p>C\u00e2nd toat\u0103 lumea s-a ridicat s\u0103 aplaude primul dans al mirilor, m-am ridicat \u0219i eu, dar nu pentru aplauze. Am mers spre ie\u0219irea din sal\u0103, tr\u0103g\u00e2nd-o pe Alma de m\u00e2n\u0103. Nu mai puteam respira.<\/p>\n\n\n\n<p>Dar \u00eenainte s\u0103 apuc s\u0103 ies, o voce moale, pe care a\u0219 fi recunoscut-o oriunde, a \u0219optit: \u201eJavier\u2026\u201d<\/p>\n\n\n\n<p>M-am \u00eentors. Luciana st\u0103tea \u00een prag, cu voalul dat la o parte. Era ea. Acelea\u0219i tr\u0103s\u0103turi, acela\u0219i z\u00e2mbet u\u0219or obosit, dar ochii\u2026 ochii \u00eei erau altfel. Purtau \u00een ei ani de vin\u0103 \u0219i de t\u0103cere.<\/p>\n\n\n\n<p>\u201eNu ai murit\u2026\u201d am spus, aproape f\u0103r\u0103 glas.<\/p>\n\n\n\n<p>Ea a \u00eenchis ochii \u0219i a dat din cap. \u201eNu. A fost tat\u0103l meu. El a f\u0103cut totul. M-a obligat s\u0103 plec, s\u0103 semnez actele, s\u0103 te las\u2026 \u0219i apoi mi-a spus s\u0103 nu te mai caut niciodat\u0103. M-a ascuns \u00een str\u0103in\u0103tate, cu pre\u021bul a tot ce eram.\u201d<\/p>\n\n\n\n<p>M\u0103 sim\u021beam ame\u021bit. \u201e\u0218i Alma? Ai abandonat-o!\u201d<\/p>\n\n\n\n<p>Luciana \u0219i-a dus m\u00e2inile la gur\u0103, iar lacrimile i-au curs pe sub machiajul perfect. \u201eNu o \u0219tiam\u2026 mi-au spus c\u0103 e\u0219ti tu \u00eempotriva mea. C\u0103 ai p\u0103strat copilul doar ca s\u0103 m\u0103 pedepse\u0219ti. Javier, eu\u2026\u201d<\/p>\n\n\n\n<p>Dar nu mai aveam putere s-o ascult. Am luat-o pe Alma \u00een bra\u021be \u0219i am ie\u0219it din sal\u0103. Am mers pe plaj\u0103, l\u0103s\u00e2nd \u00een urm\u0103 muzica \u0219i r\u00e2setele. Marea b\u0103tea ritmic la mal, iar cerul p\u0103rea mai greu ca niciodat\u0103.<\/p>\n\n\n\n<p>Alma mi-a atins obrajii. \u201eTati, de ce pl\u00e2ngea doamna aia? Cine era?\u201d<\/p>\n\n\n\n<p>Am inspirat ad\u00e2nc. Cum s\u0103-i spun? Cum s\u0103 explic unei feti\u021be de cinci ani c\u0103 femeia care tocmai se m\u0103ritase cu altul era mama ei, crezut\u0103 moart\u0103?<\/p>\n\n\n\n<p>Am ridicat-o sus, ca pe o comoar\u0103, \u0219i i-am r\u0103spuns cu voce ferm\u0103: \u201eDoar cineva din trecut, iubita mea. Cineva care nu conteaz\u0103.\u201d<\/p>\n\n\n\n<p>\u0218i am \u0219tiut c\u0103 asta era alegerea mea. Nu aveam s\u0103 las fantomele trecutului s\u0103 ne r\u0103neasc\u0103 din nou.<\/p>\n\n\n\n<p>Luciana f\u0103cuse alegerile ei. Eu \u00eel aveam pe Alma.<\/p>\n\n\n\n<p>\u0218i pentru prima dat\u0103 \u00een cinci ani, am sim\u021bit c\u0103 trecutul chiar putea s\u0103 r\u0103m\u00e2n\u0103 \u00een urm\u0103.<\/p>\n\n\n\n<p>Am ridicat privirea spre cer \u0219i am \u0219optit: \u201eGata. E timpul s\u0103 mergem \u00eenainte.\u201d<\/p>\n\n\n\n<p>Alma a z\u00e2mbit \u0219i a \u00eenceput s\u0103 c\u00e2nte \u00eenceti\u0219or un c\u00e2ntecel pe care \u00eel \u00eenv\u0103\u021base la gr\u0103dini\u021b\u0103, iar vocea ei curat\u0103 s-a amestecat cu vuietul valurilor. \u00cen acel moment, am \u00een\u021beles c\u0103 adev\u0103rata mea familie era chiar acolo, \u00een bra\u021bele mele.<\/p>\n\n\n\n<p>\u0218i nimeni, niciodat\u0103, nu avea s\u0103 ne mai despart\u0103.<\/p>\n\n\n\n<p><em>Aceast\u0103 lucrare este inspirat\u0103 din evenimente \u0219i persoane reale, \u00eens\u0103 a fost fic\u021bionalizat\u0103 \u00een scopuri creative. Numele, personajele \u0219i detaliile au fost schimbate pentru a proteja intimitatea \u0219i pentru a \u00eembun\u0103t\u0103\u021bi nara\u021biunea. Orice asem\u0103nare cu persoane reale, \u00een via\u021b\u0103 sau decedate, sau cu evenimente reale este pur \u00eent\u00e2mpl\u0103toare \u0219i nu este inten\u021bionat\u0103 de c\u0103tre autor.<\/em><\/p>\n\n\n\n<p><em>Autorul \u0219i editorul nu \u00ee\u0219i asum\u0103 responsabilitatea pentru exactitatea evenimentelor sau pentru modul \u00een care sunt portretizate personajele \u0219i nu sunt r\u0103spunz\u0103tori pentru eventuale interpret\u0103ri gre\u0219ite. Aceast\u0103 poveste este oferit\u0103 \u201eca atare\u201d, iar orice opinii exprimate apar\u021bin personajelor \u0219i nu reflect\u0103 punctele de vedere ale autorului sau ale editorului.<\/em><\/p>\n","protected":false},"excerpt":{"rendered":"<p>Nu-mi venea s\u0103 cred. Inima \u00eemi b\u0103tea \u00een piept ca o tob\u0103, iar picioarele mi se \u00eenmuiaser\u0103. Mireasa din fa\u021ba mea era\u2026 Luciana. Nu, nu putea fi ea. Luciana, femeia pe care o pl\u00e2nsesem, pe care o jelisem ani la r\u00e2nd, cea pe care o crezusem moart\u0103. Mama fiicei mele. Ea a tres\u0103rit c\u00e2nd privirea &#8230; <a title=\"Au trecut cinci ani de c\u00e2nd mi-am pierdut so\u021bia\" class=\"read-more\" href=\"https:\/\/dobrezrodla.com\/?p=4686\" aria-label=\"Read more about Au trecut cinci ani de c\u00e2nd mi-am pierdut so\u021bia\">Read more<\/a><\/p>\n","protected":false},"author":1,"featured_media":0,"comment_status":"open","ping_status":"open","sticky":false,"template":"","format":"standard","meta":{"footnotes":""},"categories":[1],"tags":[],"class_list":["post-4686","post","type-post","status-publish","format-standard","hentry","category-uncategorized"],"_links":{"self":[{"href":"https:\/\/dobrezrodla.com\/index.php?rest_route=\/wp\/v2\/posts\/4686","targetHints":{"allow":["GET"]}}],"collection":[{"href":"https:\/\/dobrezrodla.com\/index.php?rest_route=\/wp\/v2\/posts"}],"about":[{"href":"https:\/\/dobrezrodla.com\/index.php?rest_route=\/wp\/v2\/types\/post"}],"author":[{"embeddable":true,"href":"https:\/\/dobrezrodla.com\/index.php?rest_route=\/wp\/v2\/users\/1"}],"replies":[{"embeddable":true,"href":"https:\/\/dobrezrodla.com\/index.php?rest_route=%2Fwp%2Fv2%2Fcomments&post=4686"}],"version-history":[{"count":1,"href":"https:\/\/dobrezrodla.com\/index.php?rest_route=\/wp\/v2\/posts\/4686\/revisions"}],"predecessor-version":[{"id":4687,"href":"https:\/\/dobrezrodla.com\/index.php?rest_route=\/wp\/v2\/posts\/4686\/revisions\/4687"}],"wp:attachment":[{"href":"https:\/\/dobrezrodla.com\/index.php?rest_route=%2Fwp%2Fv2%2Fmedia&parent=4686"}],"wp:term":[{"taxonomy":"category","embeddable":true,"href":"https:\/\/dobrezrodla.com\/index.php?rest_route=%2Fwp%2Fv2%2Fcategories&post=4686"},{"taxonomy":"post_tag","embeddable":true,"href":"https:\/\/dobrezrodla.com\/index.php?rest_route=%2Fwp%2Fv2%2Ftags&post=4686"}],"curies":[{"name":"wp","href":"https:\/\/api.w.org\/{rel}","templated":true}]}}