{"id":4743,"date":"2025-10-01T12:12:35","date_gmt":"2025-10-01T12:12:35","guid":{"rendered":"https:\/\/dobrezrodla.com\/?p=4743"},"modified":"2025-10-01T12:12:35","modified_gmt":"2025-10-01T12:12:35","slug":"mateusz-morawiecki-zaskoczyl-wszystkich-takiego-wystapienia-nikt-sie-nie-spodziewal","status":"publish","type":"post","link":"https:\/\/dobrezrodla.com\/?p=4743","title":{"rendered":"Mateusz Morawiecki zaskoczy\u0142 wszystkich! \u201eTakiego wyst\u0105pienia nikt si\u0119 nie spodziewa\u0142\u2026\u201d"},"content":{"rendered":"\n<p>By\u0142y premier Polski, Mateusz Morawiecki, ponownie znalaz\u0142 si\u0119 w centrum uwagi. Podczas najnowszego wyst\u0105pienia publicznego powiedzia\u0142 co\u015b, co kompletnie zaskoczy\u0142o zar\u00f3wno jego zwolennik\u00f3w, jak i przeciwnik\u00f3w.<\/p>\n\n\n\n<p>\u201eTo by\u0142o jedno z najbardziej bezpo\u015brednich i emocjonalnych przem\u00f3wie\u0144 w jego karierze\u201d \u2013 komentuj\u0105 dziennikarze, podkre\u015blaj\u0105c, \u017ce Morawiecki odszed\u0142 od ch\u0142odnego, technicznego tonu i zdecydowa\u0142 si\u0119 na szczere wyznania.<\/p>\n\n\n\n<p>Reakcje nie kaza\u0142y na siebie d\u0142ugo czeka\u0107. Zwolennicy nazwali jego s\u0142owa \u201eg\u0142osem prawdy, kt\u00f3rego dzi\u015b brakuje w polityce\u201d, natomiast krytycy uznali to za \u201ekolejny zabieg PR-owy, maj\u0105cy na celu odzyskanie popularno\u015bci\u201d.<\/p>\n\n\n\n<p>Jedno jest jednak pewne \u2013 wyst\u0105pienie Mateusza Morawieckiego wywo\u0142a\u0142o lawin\u0119 komentarzy w mediach spo\u0142eczno\u015bciowych, a nagrania z wydarzenia w b\u0142yskawicznym tempie sta\u0142y si\u0119 viralem.<\/p>\n","protected":false},"excerpt":{"rendered":"<p>By\u0142y premier Polski, Mateusz Morawiecki, ponownie znalaz\u0142 si\u0119 w centrum uwagi. Podczas najnowszego wyst\u0105pienia publicznego powiedzia\u0142 co\u015b, co kompletnie zaskoczy\u0142o zar\u00f3wno jego zwolennik\u00f3w, jak i przeciwnik\u00f3w. \u201eTo by\u0142o jedno z najbardziej bezpo\u015brednich i emocjonalnych przem\u00f3wie\u0144 w jego karierze\u201d \u2013 komentuj\u0105 dziennikarze, podkre\u015blaj\u0105c, \u017ce Morawiecki odszed\u0142 od ch\u0142odnego, technicznego tonu i zdecydowa\u0142 si\u0119 na szczere wyznania. &#8230; <a title=\"Mateusz Morawiecki zaskoczy\u0142 wszystkich! \u201eTakiego wyst\u0105pienia nikt si\u0119 nie spodziewa\u0142\u2026\u201d\" class=\"read-more\" href=\"https:\/\/dobrezrodla.com\/?p=4743\" aria-label=\"Read more about Mateusz Morawiecki zaskoczy\u0142 wszystkich! \u201eTakiego wyst\u0105pienia nikt si\u0119 nie spodziewa\u0142\u2026\u201d\">Read more<\/a><\/p>\n","protected":false},"author":1,"featured_media":0,"comment_status":"open","ping_status":"open","sticky":false,"template":"","format":"standard","meta":{"footnotes":""},"categories":[1],"tags":[],"class_list":["post-4743","post","type-post","status-publish","format-standard","hentry","category-uncategorized"],"_links":{"self":[{"href":"https:\/\/dobrezrodla.com\/index.php?rest_route=\/wp\/v2\/posts\/4743","targetHints":{"allow":["GET"]}}],"collection":[{"href":"https:\/\/dobrezrodla.com\/index.php?rest_route=\/wp\/v2\/posts"}],"about":[{"href":"https:\/\/dobrezrodla.com\/index.php?rest_route=\/wp\/v2\/types\/post"}],"author":[{"embeddable":true,"href":"https:\/\/dobrezrodla.com\/index.php?rest_route=\/wp\/v2\/users\/1"}],"replies":[{"embeddable":true,"href":"https:\/\/dobrezrodla.com\/index.php?rest_route=%2Fwp%2Fv2%2Fcomments&post=4743"}],"version-history":[{"count":1,"href":"https:\/\/dobrezrodla.com\/index.php?rest_route=\/wp\/v2\/posts\/4743\/revisions"}],"predecessor-version":[{"id":4744,"href":"https:\/\/dobrezrodla.com\/index.php?rest_route=\/wp\/v2\/posts\/4743\/revisions\/4744"}],"wp:attachment":[{"href":"https:\/\/dobrezrodla.com\/index.php?rest_route=%2Fwp%2Fv2%2Fmedia&parent=4743"}],"wp:term":[{"taxonomy":"category","embeddable":true,"href":"https:\/\/dobrezrodla.com\/index.php?rest_route=%2Fwp%2Fv2%2Fcategories&post=4743"},{"taxonomy":"post_tag","embeddable":true,"href":"https:\/\/dobrezrodla.com\/index.php?rest_route=%2Fwp%2Fv2%2Ftags&post=4743"}],"curies":[{"name":"wp","href":"https:\/\/api.w.org\/{rel}","templated":true}]}}