{"id":4843,"date":"2025-10-03T20:26:44","date_gmt":"2025-10-03T20:26:44","guid":{"rendered":"https:\/\/dobrezrodla.com\/?p=4843"},"modified":"2025-10-03T20:26:45","modified_gmt":"2025-10-03T20:26:45","slug":"nawrocki-kontra-zurek-ostre-starcie-o-sady-i-dramatyczny-apel-do-sedziow","status":"publish","type":"post","link":"https:\/\/dobrezrodla.com\/?p=4843","title":{"rendered":"Nawrocki kontra \u017burek. Ostre starcie o s\u0105dy i dramatyczny apel do s\u0119dzi\u00f3w"},"content":{"rendered":"\n<p>Konflikt mi\u0119dzy Pa\u0142acem Prezydenckim a Ministerstwem Sprawiedliwo\u015bci wszed\u0142 na nowy poziom. Prezydent Karol Nawrocki stanowczo zaatakowa\u0142 nowe rozporz\u0105dzenie Waldemara \u017burka, zarzucaj\u0105c mu pr\u00f3b\u0119 obej\u015bcia ustawy i r\u0119cznego sterowania sk\u0142adami s\u0119dziowskimi. W dramatycznym apelu wezwa\u0142 wszystkich s\u0119dzi\u00f3w \u2014 niezale\u017cnie od tego, kto ich powo\u0142a\u0142 \u2014 do \u201ewierno\u015bci Konstytucji\u201d i oporu wobec rzekomego \u201ebezprawia\u201d.<\/p>\n\n\n\n<p>W tle toczy si\u0119 walka o system losowego przydzia\u0142u spraw. \u017burek twierdzi, \u017ce chce go naprawi\u0107 po chaosie, jaki zostawi\u0142 po sobie \u201eziobrolotek\u201d. Ale Pa\u0142ac Prezydencki widzi w tym zagro\u017cenie: \u201eTo zamach na niezale\u017cno\u015b\u0107 s\u0105d\u00f3w i pr\u00f3ba politycznego sterowania orzecznictwem\u201d \u2014 grzmia\u0142 przed kamerami szef kancelarii prezydenta, Zbigniew Bogucki.<\/p>\n\n\n\n<p>Minister \u017burek ripostuje: jego zmiana ma przyspieszy\u0107 dzia\u0142anie s\u0105d\u00f3w i usprawni\u0107 prac\u0119 zespo\u0142\u00f3w s\u0119dziowskich. \u201eTo nie jest zamach na Konstytucj\u0119, tylko koniec parali\u017cu\u201d \u2014 t\u0142umaczy\u0142 w programie #BezKitu. Ale Pa\u0142ac naciska na uchylenie rozporz\u0105dzenia i apeluje do prezes\u00f3w s\u0105d\u00f3w, by go&#8230; ignorowali.<\/p>\n\n\n\n<p>Ostatecznie to nie tylko sp\u00f3r o procedury \u2014 to pe\u0142nowymiarowy konflikt o to, kto realnie rz\u0105dzi polskim s\u0105downictwem: prezydent czy minister sprawiedliwo\u015bci. I to konflikt, kt\u00f3ry mo\u017ce zawa\u017cy\u0107 na ca\u0142ym systemie wymiaru sprawiedliwo\u015bci.<\/p>\n","protected":false},"excerpt":{"rendered":"<p>Konflikt mi\u0119dzy Pa\u0142acem Prezydenckim a Ministerstwem Sprawiedliwo\u015bci wszed\u0142 na nowy poziom. Prezydent Karol Nawrocki stanowczo zaatakowa\u0142 nowe rozporz\u0105dzenie Waldemara \u017burka, zarzucaj\u0105c mu pr\u00f3b\u0119 obej\u015bcia ustawy i r\u0119cznego sterowania sk\u0142adami s\u0119dziowskimi. W dramatycznym apelu wezwa\u0142 wszystkich s\u0119dzi\u00f3w \u2014 niezale\u017cnie od tego, kto ich powo\u0142a\u0142 \u2014 do \u201ewierno\u015bci Konstytucji\u201d i oporu wobec rzekomego \u201ebezprawia\u201d. W tle toczy &#8230; <a title=\"Nawrocki kontra \u017burek. Ostre starcie o s\u0105dy i dramatyczny apel do s\u0119dzi\u00f3w\" class=\"read-more\" href=\"https:\/\/dobrezrodla.com\/?p=4843\" aria-label=\"Read more about Nawrocki kontra \u017burek. Ostre starcie o s\u0105dy i dramatyczny apel do s\u0119dzi\u00f3w\">Read more<\/a><\/p>\n","protected":false},"author":1,"featured_media":4844,"comment_status":"open","ping_status":"open","sticky":false,"template":"","format":"standard","meta":{"footnotes":""},"categories":[1],"tags":[],"class_list":["post-4843","post","type-post","status-publish","format-standard","has-post-thumbnail","hentry","category-uncategorized"],"_links":{"self":[{"href":"https:\/\/dobrezrodla.com\/index.php?rest_route=\/wp\/v2\/posts\/4843","targetHints":{"allow":["GET"]}}],"collection":[{"href":"https:\/\/dobrezrodla.com\/index.php?rest_route=\/wp\/v2\/posts"}],"about":[{"href":"https:\/\/dobrezrodla.com\/index.php?rest_route=\/wp\/v2\/types\/post"}],"author":[{"embeddable":true,"href":"https:\/\/dobrezrodla.com\/index.php?rest_route=\/wp\/v2\/users\/1"}],"replies":[{"embeddable":true,"href":"https:\/\/dobrezrodla.com\/index.php?rest_route=%2Fwp%2Fv2%2Fcomments&post=4843"}],"version-history":[{"count":1,"href":"https:\/\/dobrezrodla.com\/index.php?rest_route=\/wp\/v2\/posts\/4843\/revisions"}],"predecessor-version":[{"id":4845,"href":"https:\/\/dobrezrodla.com\/index.php?rest_route=\/wp\/v2\/posts\/4843\/revisions\/4845"}],"wp:featuredmedia":[{"embeddable":true,"href":"https:\/\/dobrezrodla.com\/index.php?rest_route=\/wp\/v2\/media\/4844"}],"wp:attachment":[{"href":"https:\/\/dobrezrodla.com\/index.php?rest_route=%2Fwp%2Fv2%2Fmedia&parent=4843"}],"wp:term":[{"taxonomy":"category","embeddable":true,"href":"https:\/\/dobrezrodla.com\/index.php?rest_route=%2Fwp%2Fv2%2Fcategories&post=4843"},{"taxonomy":"post_tag","embeddable":true,"href":"https:\/\/dobrezrodla.com\/index.php?rest_route=%2Fwp%2Fv2%2Ftags&post=4843"}],"curies":[{"name":"wp","href":"https:\/\/api.w.org\/{rel}","templated":true}]}}