{"id":5036,"date":"2025-10-07T08:04:46","date_gmt":"2025-10-07T08:04:46","guid":{"rendered":"https:\/\/dobrezrodla.com\/?p=5036"},"modified":"2025-10-07T08:04:46","modified_gmt":"2025-10-07T08:04:46","slug":"dworczyk-i-obajtek-pod-lupa-europarlamentu-dzis-moze-zapasc-decyzja-ktora-zmieni-ich-przyszlosc","status":"publish","type":"post","link":"https:\/\/dobrezrodla.com\/?p=5036","title":{"rendered":"Dworczyk i Obajtek pod lup\u0105 Europarlamentu \u2013 dzi\u015b mo\u017ce zapa\u015b\u0107 decyzja, kt\u00f3ra zmieni ich przysz\u0142o\u015b\u0107"},"content":{"rendered":"\n<p><\/p>\n\n\n\n<p>Parlament Europejski szykuje si\u0119 do kluczowego g\u0142osowania. Micha\u0142 Dworczyk i Daniel Obajtek \u2013 dwaj prominentni europos\u0142owie zwi\u0105zani z PiS \u2013 mog\u0105 dzi\u015b straci\u0107 swoje immunitety. Decyzja zapadnie podczas sesji plenarnej w Strasburgu, a napi\u0119cie si\u0119ga zenitu.<\/p>\n\n\n\n<p>Dworczyk jest oskar\u017cany o udzia\u0142 w tzw. aferze mailowej, zaniedbanie obowi\u0105zk\u00f3w oraz utrudnianie post\u0119powania karnego. Z kolei Obajtek ma t\u0142umaczy\u0107 si\u0119 z zarzut\u00f3w o organizowanie inwigilacji polityk\u00f3w opozycji, gdy kierowa\u0142 du\u017c\u0105 pa\u0144stwow\u0105 sp\u00f3\u0142k\u0105.<\/p>\n\n\n\n<p>Komisja prawna europarlamentu ju\u017c wcze\u015bniej zarekomendowa\u0142a odebranie im immunitet\u00f3w. Cho\u0107 politycy PiS twierdz\u0105, \u017ce ca\u0142a procedura jest polityczna, przeciwnicy m\u00f3wi\u0105 o konieczno\u015bci rozliczenia mo\u017cliwych nadu\u017cy\u0107.<\/p>\n\n\n\n<p>G\u0142osowanie ma odby\u0107 si\u0119 dzi\u015b w po\u0142udnie \u2013 wynik mo\u017ce wywo\u0142a\u0107 prawdziw\u0105 burz\u0119 w polskiej i europejskiej polityce.<\/p>\n","protected":false},"excerpt":{"rendered":"<p>Parlament Europejski szykuje si\u0119 do kluczowego g\u0142osowania. Micha\u0142 Dworczyk i Daniel Obajtek \u2013 dwaj prominentni europos\u0142owie zwi\u0105zani z PiS \u2013 mog\u0105 dzi\u015b straci\u0107 swoje immunitety. Decyzja zapadnie podczas sesji plenarnej w Strasburgu, a napi\u0119cie si\u0119ga zenitu. Dworczyk jest oskar\u017cany o udzia\u0142 w tzw. aferze mailowej, zaniedbanie obowi\u0105zk\u00f3w oraz utrudnianie post\u0119powania karnego. Z kolei Obajtek ma &#8230; <a title=\"Dworczyk i Obajtek pod lup\u0105 Europarlamentu \u2013 dzi\u015b mo\u017ce zapa\u015b\u0107 decyzja, kt\u00f3ra zmieni ich przysz\u0142o\u015b\u0107\" class=\"read-more\" href=\"https:\/\/dobrezrodla.com\/?p=5036\" aria-label=\"Read more about Dworczyk i Obajtek pod lup\u0105 Europarlamentu \u2013 dzi\u015b mo\u017ce zapa\u015b\u0107 decyzja, kt\u00f3ra zmieni ich przysz\u0142o\u015b\u0107\">Read more<\/a><\/p>\n","protected":false},"author":1,"featured_media":5037,"comment_status":"open","ping_status":"open","sticky":false,"template":"","format":"standard","meta":{"footnotes":""},"categories":[1],"tags":[],"class_list":["post-5036","post","type-post","status-publish","format-standard","has-post-thumbnail","hentry","category-uncategorized"],"_links":{"self":[{"href":"https:\/\/dobrezrodla.com\/index.php?rest_route=\/wp\/v2\/posts\/5036","targetHints":{"allow":["GET"]}}],"collection":[{"href":"https:\/\/dobrezrodla.com\/index.php?rest_route=\/wp\/v2\/posts"}],"about":[{"href":"https:\/\/dobrezrodla.com\/index.php?rest_route=\/wp\/v2\/types\/post"}],"author":[{"embeddable":true,"href":"https:\/\/dobrezrodla.com\/index.php?rest_route=\/wp\/v2\/users\/1"}],"replies":[{"embeddable":true,"href":"https:\/\/dobrezrodla.com\/index.php?rest_route=%2Fwp%2Fv2%2Fcomments&post=5036"}],"version-history":[{"count":1,"href":"https:\/\/dobrezrodla.com\/index.php?rest_route=\/wp\/v2\/posts\/5036\/revisions"}],"predecessor-version":[{"id":5038,"href":"https:\/\/dobrezrodla.com\/index.php?rest_route=\/wp\/v2\/posts\/5036\/revisions\/5038"}],"wp:featuredmedia":[{"embeddable":true,"href":"https:\/\/dobrezrodla.com\/index.php?rest_route=\/wp\/v2\/media\/5037"}],"wp:attachment":[{"href":"https:\/\/dobrezrodla.com\/index.php?rest_route=%2Fwp%2Fv2%2Fmedia&parent=5036"}],"wp:term":[{"taxonomy":"category","embeddable":true,"href":"https:\/\/dobrezrodla.com\/index.php?rest_route=%2Fwp%2Fv2%2Fcategories&post=5036"},{"taxonomy":"post_tag","embeddable":true,"href":"https:\/\/dobrezrodla.com\/index.php?rest_route=%2Fwp%2Fv2%2Ftags&post=5036"}],"curies":[{"name":"wp","href":"https:\/\/api.w.org\/{rel}","templated":true}]}}