{"id":5087,"date":"2025-10-08T05:56:17","date_gmt":"2025-10-08T05:56:17","guid":{"rendered":"https:\/\/dobrezrodla.com\/?p=5087"},"modified":"2025-10-08T05:56:18","modified_gmt":"2025-10-08T05:56:18","slug":"myslala-ze-jej-adoptowana-corka-wiezie-ja-do-zakladu-psychiatrycznego","status":"publish","type":"post","link":"https:\/\/dobrezrodla.com\/?p=5087","title":{"rendered":"My\u015bla\u0142a, \u017ce \u200b\u200bjej adoptowana c\u00f3rka wiezie j\u0105 do zak\u0142adu psychiatrycznego."},"content":{"rendered":"\n<p>Samoch\u00f3d nagle zatrzyma\u0142 si\u0119 w nieznanym miejscu. Spojrza\u0142am w g\u00f3r\u0119 i na chwil\u0119 serce mi stan\u0119\u0142o. Przede mn\u0105, w delikatnym \u015bwietle latarni ulicznych, zobaczy\u0142am du\u017cy dziedziniec ze star\u0105, kut\u0105 bram\u0105. Na \u015bcianie przy wej\u015bciu widnia\u0142 napis \u201eC\u0103minul Maria \u2014 Centru Comunitar\u201d. Zapar\u0142o mi dech w piersiach.<\/p>\n\n\n\n<p>Powoli wysiad\u0142am, opieraj\u0105c si\u0119 o drzwi. Zapach \u015bwie\u017co skoszonej trawy i odg\u0142os \u015bwierszczy przypomnia\u0142y mi wiosk\u0119 z mojego dzieci\u0144stwa. S\u0142ycha\u0107 by\u0142o kroki mojej adoptowanej c\u00f3rki spiesz\u0105cej alejk\u0105.<\/p>\n\n\n\n<p>\u2014 \u201eChod\u017a, mamo, chod\u017a szybko\u201d \u2014 powiedzia\u0142a po raz pierwszy ciep\u0142ym g\u0142osem, jak wcze\u015bniej.<\/p>\n\n\n\n<p>Wsz\u0142am do \u015brodka. W \u015brodku czeka\u0142 na mnie t\u0142um ludzi. S\u0105siedzi z s\u0105siedztwa, dalsi krewni, jej koledzy. Wszyscy si\u0119 u\u015bmiechali. Na \u015brodku sali sta\u0142 d\u0142ugi st\u00f3\u0142 nakryty tradycyjnym, szytym r\u0119cznikiem, zastawiony cozonacami, serowymi pasztecikami, paruj\u0105cymi sarmales i szklankami soku. Otuli\u0142 mnie zapach wanilii i cynamonu.<\/p>\n\n\n\n<p>\u2014 \u201eWszystkiego najlepszego, mamo!\u201d krzykn\u0119li wszyscy ch\u00f3rem.<\/p>\n\n\n\n<p>Opad\u0142am na krzes\u0142o, a moje r\u0119ce dr\u017ca\u0142y. By\u0142y moje urodziny. 65. Wszyscy o tym zapomnieli, pomy\u015bla\u0142am. Ale nikt.<\/p>\n\n\n\n<p>Moja c\u00f3rka podesz\u0142a i przytuli\u0142a mnie, jak nigdy od lat.<\/p>\n\n\n\n<p>\u2014 \u201eWiem, \u017ce ostatnio by\u0142o mi zimno. Musia\u0142am wszystko organizowa\u0107 w tajemnicy. Nigdy nie odda\u0142abym ci\u0119 do domu opieki. Chcia\u0142am ci tylko pokaza\u0107, jak bardzo ci\u0119 kocham\u201d.<\/p>\n\n\n\n<p>\u0141zy zacz\u0119\u0142y p\u0142yn\u0105\u0107 bez przerwy. Wszystko, co dla niej zrobi\u0142am \u2014 nieprzespane noce, po\u015bwi\u0119cenia, b\u00f3l \u2014 teraz odbija\u0142o si\u0119 w jej wdzi\u0119cznych oczach.<\/p>\n\n\n\n<p>Powoli wsta\u0142am i rozejrza\u0142am si\u0119. Obok sto\u0142u z jedzeniem kilka wiejskich kobiet ta\u0144czy\u0142o do skrzypiec, a dzieci biega\u0142y wok\u00f3\u0142 krzese\u0142 z kolorowymi balonikami. Poczu\u0142am ciep\u0142o tego prostego, rumu\u0144skiego \u015bwiata, gdzie ka\u017cda rado\u015b\u0107 jest prze\u017cywana wsp\u00f3lnie.<\/p>\n\n\n\n<p>Wzi\u0119\u0142am szklank\u0119 soku i spojrza\u0142am na c\u00f3rk\u0119. W tym momencie zrozumia\u0142am, \u017ce mi\u0142o\u015b\u0107 nie mierzy si\u0119 krwi\u0105, ale czynami i dusz\u0105, kt\u00f3r\u0105 w kogo\u015b wk\u0142adamy.<\/p>\n\n\n\n<p>W tej sali, w\u015br\u00f3d ludzi i zapachu tradycyjnego jedzenia, przy d\u017awi\u0119kach skrzypk\u00f3w cicho \u015bpiewaj\u0105cych star\u0105 doin\u0119, poczu\u0142am, jak ci\u0119\u017car lat znika z moich ramion. Nie by\u0142am ju\u017c samotn\u0105 kobiet\u0105, nie by\u0142am ci\u0119\u017carem. By\u0142am matk\u0105. I by\u0142am kochana.<\/p>\n\n\n\n<p>Kiedy p\u00f3\u017aniej wysz\u0142am na zewn\u0105trz, pod rozgwie\u017cd\u017cone niebo, c\u00f3rka wyszepta\u0142a mi do ucha:<\/p>\n\n\n\n<p>\u2014 \u201eOd dzi\u015b wszystko, co mam, nale\u017cy r\u00f3wnie\u017c do ciebie. Ten dom, ci ludzie, nasza przysz\u0142o\u015b\u0107. Nigdy nie b\u0119dziesz sama\u201d.<\/p>\n\n\n\n<p>U\u015bmiechn\u0119\u0142am si\u0119 przez \u0142zy i przytuli\u0142am j\u0105 do piersi. Podr\u00f3\u017c tam by\u0142a pe\u0142na strachu, ale zako\u0144czenie by\u0142o pi\u0119kniejsze, ni\u017c mog\u0142am sobie wyobrazi\u0107.<\/p>\n\n\n\n<p>Tam, pod jesiennymi gwiazdami, zrozumia\u0142am, \u017ce moje po\u015bwi\u0119cenia nie posz\u0142y na marne. I \u017ce czasami, nawet po latach milczenia, mi\u0142o\u015b\u0107 odnajduje sw\u00f3j najpi\u0119kniejszy g\u0142os.<\/p>\n\n\n\n<p>Niniejsza praca jest inspirowana prawdziwymi wydarzeniami i postaciami, ale zosta\u0142a sfabrykowana dla cel\u00f3w tw\u00f3rczych. Imiona, postacie i szczeg\u00f3\u0142y zosta\u0142y zmienione w celu ochrony prywatno\u015bci i wzbogacenia narracji. Jakiekolwiek podobie\u0144stwo do prawdziwych os\u00f3b, \u017cyj\u0105cych lub zmar\u0142ych, lub do prawdziwych wydarze\u0144 jest czysto przypadkowe i niezamierzone przez autora.<\/p>\n\n\n\n<p>Autor i wydawca nie ponosz\u0105 odpowiedzialno\u015bci za dok\u0142adno\u015b\u0107 wydarze\u0144 ani przedstawienie postaci, ani za jakiekolwiek b\u0142\u0119dne interpretacje. Niniejsza historia jest udost\u0119pniana \u201etak jak jest\u201d, a wszelkie wyra\u017cone opinie s\u0105 opiniami postaci i nie odzwierciedlaj\u0105 pogl\u0105d\u00f3w autora ani wydawcy.<\/p>\n","protected":false},"excerpt":{"rendered":"<p>Samoch\u00f3d nagle zatrzyma\u0142 si\u0119 w nieznanym miejscu. Spojrza\u0142am w g\u00f3r\u0119 i na chwil\u0119 serce mi stan\u0119\u0142o. Przede mn\u0105, w delikatnym \u015bwietle latarni ulicznych, zobaczy\u0142am du\u017cy dziedziniec ze star\u0105, kut\u0105 bram\u0105. Na \u015bcianie przy wej\u015bciu widnia\u0142 napis \u201eC\u0103minul Maria \u2014 Centru Comunitar\u201d. Zapar\u0142o mi dech w piersiach. Powoli wysiad\u0142am, opieraj\u0105c si\u0119 o drzwi. Zapach \u015bwie\u017co skoszonej &#8230; <a title=\"My\u015bla\u0142a, \u017ce \u200b\u200bjej adoptowana c\u00f3rka wiezie j\u0105 do zak\u0142adu psychiatrycznego.\" class=\"read-more\" href=\"https:\/\/dobrezrodla.com\/?p=5087\" aria-label=\"Read more about My\u015bla\u0142a, \u017ce \u200b\u200bjej adoptowana c\u00f3rka wiezie j\u0105 do zak\u0142adu psychiatrycznego.\">Read more<\/a><\/p>\n","protected":false},"author":1,"featured_media":0,"comment_status":"open","ping_status":"open","sticky":false,"template":"","format":"standard","meta":{"footnotes":""},"categories":[1],"tags":[],"class_list":["post-5087","post","type-post","status-publish","format-standard","hentry","category-uncategorized"],"_links":{"self":[{"href":"https:\/\/dobrezrodla.com\/index.php?rest_route=\/wp\/v2\/posts\/5087","targetHints":{"allow":["GET"]}}],"collection":[{"href":"https:\/\/dobrezrodla.com\/index.php?rest_route=\/wp\/v2\/posts"}],"about":[{"href":"https:\/\/dobrezrodla.com\/index.php?rest_route=\/wp\/v2\/types\/post"}],"author":[{"embeddable":true,"href":"https:\/\/dobrezrodla.com\/index.php?rest_route=\/wp\/v2\/users\/1"}],"replies":[{"embeddable":true,"href":"https:\/\/dobrezrodla.com\/index.php?rest_route=%2Fwp%2Fv2%2Fcomments&post=5087"}],"version-history":[{"count":1,"href":"https:\/\/dobrezrodla.com\/index.php?rest_route=\/wp\/v2\/posts\/5087\/revisions"}],"predecessor-version":[{"id":5088,"href":"https:\/\/dobrezrodla.com\/index.php?rest_route=\/wp\/v2\/posts\/5087\/revisions\/5088"}],"wp:attachment":[{"href":"https:\/\/dobrezrodla.com\/index.php?rest_route=%2Fwp%2Fv2%2Fmedia&parent=5087"}],"wp:term":[{"taxonomy":"category","embeddable":true,"href":"https:\/\/dobrezrodla.com\/index.php?rest_route=%2Fwp%2Fv2%2Fcategories&post=5087"},{"taxonomy":"post_tag","embeddable":true,"href":"https:\/\/dobrezrodla.com\/index.php?rest_route=%2Fwp%2Fv2%2Ftags&post=5087"}],"curies":[{"name":"wp","href":"https:\/\/api.w.org\/{rel}","templated":true}]}}