{"id":5166,"date":"2025-10-08T19:05:39","date_gmt":"2025-10-08T19:05:39","guid":{"rendered":"https:\/\/dobrezrodla.com\/?p=5166"},"modified":"2025-10-08T19:05:40","modified_gmt":"2025-10-08T19:05:40","slug":"polityczna-wojna-na-prawicy-kaczynski-kontra-mentzen-to-nieporozumienie","status":"publish","type":"post","link":"https:\/\/dobrezrodla.com\/?p=5166","title":{"rendered":"Polityczna wojna na prawicy: Kaczy\u0144ski kontra Mentzen. \u201eTo nieporozumienie!\u201d"},"content":{"rendered":"\n<p>Na prawicy zawrza\u0142o! Jaros\u0142aw Kaczy\u0144ski nie przebiera\u0142 w s\u0142owach, komentuj\u0105c postaw\u0119 lidera Konfederacji. <strong>\u2013 Obecno\u015b\u0107 pana Mentzena w polityce jest jednak pewnym nieporozumieniem \u2013<\/strong> wypali\u0142 prezes PiS, reaguj\u0105c na ostre s\u0142owa S\u0142awomira Mentzena, kt\u00f3ry wcze\u015bniej stwierdzi\u0142, \u017ce <strong>\u201ez Kaczy\u0144skim nie warto rozmawia\u0107, bo nie dotrzymuje um\u00f3w.\u201d<\/strong><\/p>\n\n\n\n<p>Mimo \u017ce Mentzen nie wyklucza paktu senackiego z PiS-em, jasno deklaruje: <strong>\u201edogadywa\u0107 si\u0119 z Kaczy\u0144skim nie zamierzam.\u201d<\/strong> Co innego \u2013 jak podkre\u015bli\u0142 \u2013 prezydent Karol Nawrocki, kt\u00f3rego nazwa\u0142 \u201e\u015bwietnym gospodarzem\u201d i \u201edobrym patronem szerokiej listy\u201d.<\/p>\n\n\n\n<p>Kaczy\u0144ski nie kryje rozgoryczenia: <strong>\u201eZ jednej strony m\u00f3wi si\u0119 o wsp\u00f3\u0142pracy, a z drugiej \u2013 rzuca obelgi. To niepowa\u017cne.\u201d<\/strong> Szef PiS-u przyznaje, \u017ce pakt senacki ma sens, ale z takim podej\u015bciem trudno rozmawia\u0107 o wsp\u00f3lnej strategii.<\/p>\n","protected":false},"excerpt":{"rendered":"<p>Na prawicy zawrza\u0142o! Jaros\u0142aw Kaczy\u0144ski nie przebiera\u0142 w s\u0142owach, komentuj\u0105c postaw\u0119 lidera Konfederacji. \u2013 Obecno\u015b\u0107 pana Mentzena w polityce jest jednak pewnym nieporozumieniem \u2013 wypali\u0142 prezes PiS, reaguj\u0105c na ostre s\u0142owa S\u0142awomira Mentzena, kt\u00f3ry wcze\u015bniej stwierdzi\u0142, \u017ce \u201ez Kaczy\u0144skim nie warto rozmawia\u0107, bo nie dotrzymuje um\u00f3w.\u201d Mimo \u017ce Mentzen nie wyklucza paktu senackiego z PiS-em, &#8230; <a title=\"Polityczna wojna na prawicy: Kaczy\u0144ski kontra Mentzen. \u201eTo nieporozumienie!\u201d\" class=\"read-more\" href=\"https:\/\/dobrezrodla.com\/?p=5166\" aria-label=\"Read more about Polityczna wojna na prawicy: Kaczy\u0144ski kontra Mentzen. \u201eTo nieporozumienie!\u201d\">Read more<\/a><\/p>\n","protected":false},"author":1,"featured_media":5167,"comment_status":"open","ping_status":"open","sticky":false,"template":"","format":"standard","meta":{"footnotes":""},"categories":[1],"tags":[],"class_list":["post-5166","post","type-post","status-publish","format-standard","has-post-thumbnail","hentry","category-uncategorized"],"_links":{"self":[{"href":"https:\/\/dobrezrodla.com\/index.php?rest_route=\/wp\/v2\/posts\/5166","targetHints":{"allow":["GET"]}}],"collection":[{"href":"https:\/\/dobrezrodla.com\/index.php?rest_route=\/wp\/v2\/posts"}],"about":[{"href":"https:\/\/dobrezrodla.com\/index.php?rest_route=\/wp\/v2\/types\/post"}],"author":[{"embeddable":true,"href":"https:\/\/dobrezrodla.com\/index.php?rest_route=\/wp\/v2\/users\/1"}],"replies":[{"embeddable":true,"href":"https:\/\/dobrezrodla.com\/index.php?rest_route=%2Fwp%2Fv2%2Fcomments&post=5166"}],"version-history":[{"count":1,"href":"https:\/\/dobrezrodla.com\/index.php?rest_route=\/wp\/v2\/posts\/5166\/revisions"}],"predecessor-version":[{"id":5168,"href":"https:\/\/dobrezrodla.com\/index.php?rest_route=\/wp\/v2\/posts\/5166\/revisions\/5168"}],"wp:featuredmedia":[{"embeddable":true,"href":"https:\/\/dobrezrodla.com\/index.php?rest_route=\/wp\/v2\/media\/5167"}],"wp:attachment":[{"href":"https:\/\/dobrezrodla.com\/index.php?rest_route=%2Fwp%2Fv2%2Fmedia&parent=5166"}],"wp:term":[{"taxonomy":"category","embeddable":true,"href":"https:\/\/dobrezrodla.com\/index.php?rest_route=%2Fwp%2Fv2%2Fcategories&post=5166"},{"taxonomy":"post_tag","embeddable":true,"href":"https:\/\/dobrezrodla.com\/index.php?rest_route=%2Fwp%2Fv2%2Ftags&post=5166"}],"curies":[{"name":"wp","href":"https:\/\/api.w.org\/{rel}","templated":true}]}}