{"id":5178,"date":"2025-10-08T19:09:56","date_gmt":"2025-10-08T19:09:56","guid":{"rendered":"https:\/\/dobrezrodla.com\/?p=5178"},"modified":"2025-10-08T19:09:57","modified_gmt":"2025-10-08T19:09:57","slug":"prezydent-nawrocki-nie-wyrazil-zgody-na-odwolanie-czlonkow-krrit-nie-zgadzam-sie-z-argumentacja-sejmu-i-senatu","status":"publish","type":"post","link":"https:\/\/dobrezrodla.com\/?p=5178","title":{"rendered":"Prezydent Nawrocki nie wyrazi\u0142 zgody na odwo\u0142anie cz\u0142onk\u00f3w KRRiT. &#8220;Nie zgadzam si\u0119 z argumentacj\u0105 Sejmu i Senatu&#8221;"},"content":{"rendered":"\n<p>Mimo odrzucenia przez Sejm i Senat sprawozdania Krajowej Rady Radiofonii i Telewizji za 2024 rok, prezydent Karol Nawrocki postanowi\u0142 nie potwierdza\u0107 wyga\u015bni\u0119cia kadencji jej cz\u0142onk\u00f3w. W jego opinii, argumenty parlamentu nie s\u0105 wystarczaj\u0105ce.<\/p>\n\n\n\n<p> <strong>Co si\u0119 sta\u0142o?<\/strong><br>Zgodnie z obowi\u0105zuj\u0105cymi przepisami, odrzucenie sprawozdania KRRiT przez obie izby parlamentu mo\u017ce skutkowa\u0107 wyga\u015bni\u0119ciem kadencji ca\u0142ej Rady. Warunkiem jest jednak podpis prezydenta. Karol Nawrocki odm\u00f3wi\u0142.<\/p>\n\n\n\n<p><strong>&#8220;Nie potwierdzam wyga\u015bni\u0119cia kadencji cz\u0142onk\u00f3w KRRiT&#8221;<\/strong> \u2013 czytamy w oficjalnym o\u015bwiadczeniu przekazanym przez Kancelari\u0119 Prezydenta.<\/p>\n\n\n\n<p>To kolejny przypadek, kiedy g\u0142owa pa\u0144stwa sprzeciwia si\u0119 decyzji parlamentu w sprawie KRRiT \u2013 podobnie uczyni\u0142 prezydent Andrzej Duda w 2024 roku.<\/p>\n","protected":false},"excerpt":{"rendered":"<p>Mimo odrzucenia przez Sejm i Senat sprawozdania Krajowej Rady Radiofonii i Telewizji za 2024 rok, prezydent Karol Nawrocki postanowi\u0142 nie potwierdza\u0107 wyga\u015bni\u0119cia kadencji jej cz\u0142onk\u00f3w. W jego opinii, argumenty parlamentu nie s\u0105 wystarczaj\u0105ce. Co si\u0119 sta\u0142o?Zgodnie z obowi\u0105zuj\u0105cymi przepisami, odrzucenie sprawozdania KRRiT przez obie izby parlamentu mo\u017ce skutkowa\u0107 wyga\u015bni\u0119ciem kadencji ca\u0142ej Rady. Warunkiem jest jednak &#8230; <a title=\"Prezydent Nawrocki nie wyrazi\u0142 zgody na odwo\u0142anie cz\u0142onk\u00f3w KRRiT. &#8220;Nie zgadzam si\u0119 z argumentacj\u0105 Sejmu i Senatu&#8221;\" class=\"read-more\" href=\"https:\/\/dobrezrodla.com\/?p=5178\" aria-label=\"Read more about Prezydent Nawrocki nie wyrazi\u0142 zgody na odwo\u0142anie cz\u0142onk\u00f3w KRRiT. &#8220;Nie zgadzam si\u0119 z argumentacj\u0105 Sejmu i Senatu&#8221;\">Read more<\/a><\/p>\n","protected":false},"author":1,"featured_media":5179,"comment_status":"open","ping_status":"open","sticky":false,"template":"","format":"standard","meta":{"footnotes":""},"categories":[1],"tags":[],"class_list":["post-5178","post","type-post","status-publish","format-standard","has-post-thumbnail","hentry","category-uncategorized"],"_links":{"self":[{"href":"https:\/\/dobrezrodla.com\/index.php?rest_route=\/wp\/v2\/posts\/5178","targetHints":{"allow":["GET"]}}],"collection":[{"href":"https:\/\/dobrezrodla.com\/index.php?rest_route=\/wp\/v2\/posts"}],"about":[{"href":"https:\/\/dobrezrodla.com\/index.php?rest_route=\/wp\/v2\/types\/post"}],"author":[{"embeddable":true,"href":"https:\/\/dobrezrodla.com\/index.php?rest_route=\/wp\/v2\/users\/1"}],"replies":[{"embeddable":true,"href":"https:\/\/dobrezrodla.com\/index.php?rest_route=%2Fwp%2Fv2%2Fcomments&post=5178"}],"version-history":[{"count":1,"href":"https:\/\/dobrezrodla.com\/index.php?rest_route=\/wp\/v2\/posts\/5178\/revisions"}],"predecessor-version":[{"id":5180,"href":"https:\/\/dobrezrodla.com\/index.php?rest_route=\/wp\/v2\/posts\/5178\/revisions\/5180"}],"wp:featuredmedia":[{"embeddable":true,"href":"https:\/\/dobrezrodla.com\/index.php?rest_route=\/wp\/v2\/media\/5179"}],"wp:attachment":[{"href":"https:\/\/dobrezrodla.com\/index.php?rest_route=%2Fwp%2Fv2%2Fmedia&parent=5178"}],"wp:term":[{"taxonomy":"category","embeddable":true,"href":"https:\/\/dobrezrodla.com\/index.php?rest_route=%2Fwp%2Fv2%2Fcategories&post=5178"},{"taxonomy":"post_tag","embeddable":true,"href":"https:\/\/dobrezrodla.com\/index.php?rest_route=%2Fwp%2Fv2%2Ftags&post=5178"}],"curies":[{"name":"wp","href":"https:\/\/api.w.org\/{rel}","templated":true}]}}