{"id":6973,"date":"2025-10-25T18:10:35","date_gmt":"2025-10-25T18:10:35","guid":{"rendered":"https:\/\/dobrezrodla.com\/?p=6973"},"modified":"2025-10-25T18:10:36","modified_gmt":"2025-10-25T18:10:36","slug":"odziedziczyl-rezydencje-po-ojcu-ktorego-nie-widzial-od-20-lat","status":"publish","type":"post","link":"https:\/\/dobrezrodla.com\/?p=6973","title":{"rendered":"\u201eOdziedziczy\u0142 rezydencj\u0119 po ojcu, kt\u00f3rego nie widzia\u0142 od 20 lat\u201d."},"content":{"rendered":"\n<p>Vlad sta\u0142 nieruchomo przed staruszkiem, kt\u00f3ry odchrz\u0105kn\u0105\u0142, jakby mia\u0142 zamiar powiedzie\u0107 co\u015b, co ci\u0105\u017cy\u0142o mu od lat. Petre Cuzmici nie by\u0142 tylko s\u0105siadem \u2013 by\u0142 najbli\u017cszym przyjacielem ojca.<\/p>\n\n\n\n<p>\u201eTa kobieta, Ioana, nie jest tylko jego \u017con\u0105\u201d \u2013 powiedzia\u0142 cicho. \u201eBy\u0142a jego wybawicielk\u0105. Tw\u00f3j ojciec przyby\u0142 tutaj po tym, jak straci\u0142 wszystko w mie\u015bcie. Ioana zasta\u0142a go chorego, g\u0142odnego i opiekowa\u0142a si\u0119 nim jak dzieckiem\u201d.<\/p>\n\n\n\n<p>Vlad s\u0142ucha\u0142 z zapartym tchem. Czu\u0142, jak ka\u017cde s\u0142owo odrywa kawa\u0142ek obrazu, jaki mia\u0142 o swoim ojcu. W jego umy\u015ble ojciec by\u0142 zimnym, samolubnym cz\u0142owiekiem, kt\u00f3ry porzuci\u0142 rodzin\u0119. Ale historia, kt\u00f3r\u0105 teraz s\u0142ysza\u0142, pokaza\u0142a mu co\u015b innego.<\/p>\n\n\n\n<p>\u201eKiedy tu przyby\u0142\u201d \u2013 kontynuowa\u0142 starzec \u2013 \u201enie mia\u0142 nic. Ani pieni\u0119dzy, ani nadziei. Joana da\u0142a mu dach, a on w\u0142asnor\u0119cznie zbudowa\u0142 t\u0119 rezydencj\u0119. \u017byli spokojnie, z dala od \u015bwiata, a\u017c do dnia jego \u015bmierci.<\/p>\n\n\n\n<p>\u2014 A ta dziewczyna? \u2014 zapyta\u0142 Vlad, czuj\u0105c gul\u0119 w gardle. \u2014 Ta ma\u0142a dziewczynka, kt\u00f3ra przysz\u0142a do mnie dzi\u015b rano?<\/p>\n\n\n\n<p>\u2014 To ich c\u00f3rka \u2014 odpowiedzia\u0142 cicho Petre. \u2014 Ty i ona\u2026 jeste\u015bcie rodze\u0144stwem.<\/p>\n\n\n\n<p>Te s\u0142owa zapar\u0142y mu dech w piersiach. Poczu\u0142, jak pod\u0142oga dr\u017cy mu pod stopami. Brat? Mia\u0142 siostr\u0119, o kt\u00f3rej nic nie wiedzia\u0142.<\/p>\n\n\n\n<p>Szed\u0142 powoli w stron\u0119 rezydencji. Kobieta w czerni czeka\u0142a na niego na ganku, trzymaj\u0105c w d\u0142oniach paruj\u0105c\u0105 fili\u017cank\u0119 herbaty.<\/p>\n\n\n\n<p>\u2014 Dowiedzia\u0142e\u015b si\u0119 wszystkiego, prawda? \u2014 powiedzia\u0142a, nie patrz\u0105c na niego.<\/p>\n\n\n\n<p>Skin\u0105\u0142 g\u0142ow\u0105. \u2014 Dlaczego moja matka nigdy mi nie powiedzia\u0142a?<\/p>\n\n\n\n<p>\u2014 Mo\u017ce dlatego, \u017ce b\u00f3l by\u0142 zbyt wielki. Mo\u017ce dlatego, \u017ce kocha\u0142a go za bardzo, by zaakceptowa\u0107, \u017ce znalaz\u0142 spok\u00f3j gdzie indziej.<\/p>\n\n\n\n<p>Na podw\u00f3rku wiatr szumia\u0142 w starych jab\u0142oniach. Vlad po raz pierwszy poczu\u0142 ulg\u0119 w duszy po latach pyta\u0144. Nie chodzi\u0142o ju\u017c o spadek, ale o prawd\u0119.<\/p>\n\n\n\n<p>Sp\u0119dzi\u0142 tam ca\u0142y dzie\u0144, pomagaj\u0105c Ioanie zbiera\u0107 drewno i przygotowywa\u0107 jedzenie. Dziewczynka, Maria, biega\u0142a po podw\u00f3rku i \u015bmia\u0142a si\u0119, nie wiedz\u0105c, kim jest m\u0119\u017cczyzna, kt\u00f3ry patrzy na ni\u0105 z \u0142zami w oczach.<\/p>\n\n\n\n<p>Gdy s\u0142o\u0144ce zacz\u0119\u0142o zachodzi\u0107, Vlad podszed\u0142 do niej i wr\u0119czy\u0142 jej star\u0105 srebrn\u0105 bransoletk\u0119.<\/p>\n\n\n\n<p>\u2014 Nale\u017ca\u0142a do naszego ojca, powiedzia\u0142. Zachowaj j\u0105.<\/p>\n\n\n\n<p>Maria spojrza\u0142a na niego zaskoczona, a potem szeroko si\u0119 u\u015bmiechn\u0119\u0142a.<\/p>\n\n\n\n<p>\u2014 Dzi\u0119kuj\u0119, prosz\u0119 pana!<\/p>\n\n\n\n<p>\u2014 Nie m\u00f3w mi, prosz\u0119 pana. Powiedz mi\u2026 bracie.<\/p>\n\n\n\n<p>W tym momencie Ioana przy\u0142o\u017cy\u0142a d\u0142o\u0144 do ust, a w jego oczach pojawi\u0142y si\u0119 \u0142zy. Vlad poczu\u0142, jak serce wype\u0142nia si\u0119 rado\u015bci\u0105. Po raz pierwszy poczu\u0142, \u017ce jego ojciec nie jest ju\u017c cieniem z przesz\u0142o\u015bci, ale mostem mi\u0119dzy dwoma \u015bwiatami, kt\u00f3re trzeba zjednoczy\u0107.<\/p>\n\n\n\n<p>Postanowi\u0142 nie sprzedawa\u0107 rezydencji. Zosta\u0142 tam, naprawi\u0142 dach, wni\u00f3s\u0142 \u015bwiat\u0142o i \u017cycie do domu, kt\u00f3ry by\u0142 \u015bwiadkiem tylu tajemnic.<\/p>\n\n\n\n<p>Wioska zacz\u0119\u0142a patrze\u0107 na niego inaczej. Ludzie przychodzili z opowie\u015bciami o jego ojcu \u2013 jak pomaga\u0142 starszym, jak naprawia\u0142 im p\u0142oty, jak nigdy nie \u017c\u0105da\u0142 niczego w zamian.<\/p>\n\n\n\n<p>Pewnego wieczoru, patrz\u0105c w rozgwie\u017cd\u017cone niebo, Vlad zrozumia\u0142, \u017ce to nie spadek go tu sprowadzi\u0142, ale przebaczenie. A rezydencja, niegdy\u015b pe\u0142na tajemnic, sta\u0142a si\u0119 teraz miejscem pojednania.<\/p>\n\n\n\n<p>Dom z przesz\u0142o\u015bci\u0105, ale i nowym pocz\u0105tkiem.<\/p>\n\n\n\n<p>Niniejsze dzie\u0142o jest inspirowane prawdziwymi wydarzeniami i postaciami, ale zosta\u0142o sfabularyzowane dla cel\u00f3w tw\u00f3rczych. Imiona, postacie i szczeg\u00f3\u0142y zosta\u0142y zmienione w celu ochrony prywatno\u015bci i wzbogacenia narracji. Jakiekolwiek podobie\u0144stwo do rzeczywistych os\u00f3b, \u017cywych lub zmar\u0142ych, lub do rzeczywistych wydarze\u0144 jest czysto przypadkowe i niezamierzone przez autora.<\/p>\n\n\n\n<p>Autor i wydawca nie ponosz\u0105 odpowiedzialno\u015bci za dok\u0142adno\u015b\u0107 wydarze\u0144 ani przedstawienie postaci i nie ponosz\u0105 odpowiedzialno\u015bci za jakiekolwiek b\u0142\u0119dne interpretacje. Niniejsza historia jest udost\u0119pniana \u201etak jak jest\u201d, a wszelkie wyra\u017cone w niej opinie s\u0105 opiniami postaci i nie odzwierciedlaj\u0105 pogl\u0105d\u00f3w autora ani wydawcy.<\/p>\n","protected":false},"excerpt":{"rendered":"<p>Vlad sta\u0142 nieruchomo przed staruszkiem, kt\u00f3ry odchrz\u0105kn\u0105\u0142, jakby mia\u0142 zamiar powiedzie\u0107 co\u015b, co ci\u0105\u017cy\u0142o mu od lat. Petre Cuzmici nie by\u0142 tylko s\u0105siadem \u2013 by\u0142 najbli\u017cszym przyjacielem ojca. \u201eTa kobieta, Ioana, nie jest tylko jego \u017con\u0105\u201d \u2013 powiedzia\u0142 cicho. \u201eBy\u0142a jego wybawicielk\u0105. Tw\u00f3j ojciec przyby\u0142 tutaj po tym, jak straci\u0142 wszystko w mie\u015bcie. Ioana zasta\u0142a &#8230; <a title=\"\u201eOdziedziczy\u0142 rezydencj\u0119 po ojcu, kt\u00f3rego nie widzia\u0142 od 20 lat\u201d.\" class=\"read-more\" href=\"https:\/\/dobrezrodla.com\/?p=6973\" aria-label=\"Read more about \u201eOdziedziczy\u0142 rezydencj\u0119 po ojcu, kt\u00f3rego nie widzia\u0142 od 20 lat\u201d.\">Read more<\/a><\/p>\n","protected":false},"author":1,"featured_media":0,"comment_status":"open","ping_status":"open","sticky":false,"template":"","format":"standard","meta":{"footnotes":""},"categories":[1],"tags":[],"class_list":["post-6973","post","type-post","status-publish","format-standard","hentry","category-uncategorized"],"_links":{"self":[{"href":"https:\/\/dobrezrodla.com\/index.php?rest_route=\/wp\/v2\/posts\/6973","targetHints":{"allow":["GET"]}}],"collection":[{"href":"https:\/\/dobrezrodla.com\/index.php?rest_route=\/wp\/v2\/posts"}],"about":[{"href":"https:\/\/dobrezrodla.com\/index.php?rest_route=\/wp\/v2\/types\/post"}],"author":[{"embeddable":true,"href":"https:\/\/dobrezrodla.com\/index.php?rest_route=\/wp\/v2\/users\/1"}],"replies":[{"embeddable":true,"href":"https:\/\/dobrezrodla.com\/index.php?rest_route=%2Fwp%2Fv2%2Fcomments&post=6973"}],"version-history":[{"count":1,"href":"https:\/\/dobrezrodla.com\/index.php?rest_route=\/wp\/v2\/posts\/6973\/revisions"}],"predecessor-version":[{"id":6974,"href":"https:\/\/dobrezrodla.com\/index.php?rest_route=\/wp\/v2\/posts\/6973\/revisions\/6974"}],"wp:attachment":[{"href":"https:\/\/dobrezrodla.com\/index.php?rest_route=%2Fwp%2Fv2%2Fmedia&parent=6973"}],"wp:term":[{"taxonomy":"category","embeddable":true,"href":"https:\/\/dobrezrodla.com\/index.php?rest_route=%2Fwp%2Fv2%2Fcategories&post=6973"},{"taxonomy":"post_tag","embeddable":true,"href":"https:\/\/dobrezrodla.com\/index.php?rest_route=%2Fwp%2Fv2%2Ftags&post=6973"}],"curies":[{"name":"wp","href":"https:\/\/api.w.org\/{rel}","templated":true}]}}