{"id":7241,"date":"2025-10-29T00:41:22","date_gmt":"2025-10-29T00:41:22","guid":{"rendered":"https:\/\/dobrezrodla.com\/?p=7241"},"modified":"2025-10-29T00:41:23","modified_gmt":"2025-10-29T00:41:23","slug":"rodzina-brucea-willisa-wyraza-wdziecznosc-w-dniu-dziekczynienia","status":"publish","type":"post","link":"https:\/\/dobrezrodla.com\/?p=7241","title":{"rendered":"Rodzina Bruce\u2019a Willisa wyra\u017ca wdzi\u0119czno\u015b\u0107 w Dniu Dzi\u0119kczynienia"},"content":{"rendered":"\n<p>Fani prze\u017cyli ogromne wzruszenie, ogl\u0105daj\u0105c najnowsze fotografie Bruce\u2019a Willisa, kt\u00f3ry zmaga si\u0119 z chorob\u0105 w ko\u0144cowym stadium. Jego \u017cycie uleg\u0142o drastycznej zmianie, gdy\u017c dolegliwo\u015b\u0107 rozwija si\u0119 niezwykle szybko, co budzi wiele emocji i troski.<\/p>\n\n\n\n<p>Zapraszamy do poznania, jak ta powa\u017cna choroba wp\u0142yn\u0119\u0142a na jedn\u0105 z najbardziej rozpoznawalnych gwiazd kina akcji w historii. C\u00f3rki by\u0142ej \u017cony aktora, Demi Moore, podarowa\u0142y mu wyj\u0105tkowy upominek wyra\u017caj\u0105cy wdzi\u0119czno\u015b\u0107, kt\u00f3ry poruszy\u0142 Bruce\u2019a do \u0142ez i wywo\u0142a\u0142 wzruszaj\u0105ce reakcje.<\/p>\n\n\n\n<p>Warto zauwa\u017cy\u0107: Na Instagramie Tallulah i Scout podzieli\u0142y si\u0119 pe\u0142nymi szczero\u015bci wspomnieniami, prezentuj\u0105c zdj\u0119cie ojca z prezentem opatrzonym napisem \u201eNajlepszy Tata na \u015bwiecie\u201d. Dodatkowo do\u0142\u0105czony by\u0142 napis \u201eWdzi\u0119czno\u015b\u0107\u201d, podkre\u015blaj\u0105cy ich g\u0142\u0119bokie uznanie dla Bruce\u2019a.<\/p>\n\n\n\n<p>Bruce Willis jest ojcem trzech c\u00f3rek ze zwi\u0105zku z Demi Moore: Rumer, Scout oraz Tallulah. Poza tym posiada dwoje dzieci z obecn\u0105 \u017con\u0105 Emm\u0105 Heming Willis \u2013 Mabel oraz Evelyn.<\/p>\n\n\n\n<p>niedawno Tallulah opublikowa\u0142a nostalgiczne fotografie sprzed sze\u015bciu lat, przypominaj\u0105ce chwile z dwoma rodzicami podczas 30. urodzin Rumer. Pod tym zdj\u0119ciem doda\u0142a: \u201eTo zdj\u0119cie mnie z rodzicami ma dla mnie ogromne znaczenie! Jest takie urocze!\u201d. To wyra\u017ane \u015bwiadectwo silnej wi\u0119zi rodzinnej.<\/p>\n\n\n\n<p>\u201eTo uj\u0119cie jest dla mnie bardzo cenne \u2013 ka\u017cde spojrzenie przywo\u0142uje ciep\u0142e wspomnienia.\u201d<\/p>\n\n\n\n<p>Rodzina zorganizowa\u0142a r\u00f3wnie\u017c obchody 62. urodzin Demi Moore, kt\u00f3re mia\u0142y miejsce 11 listopada. Scout wystosowa\u0142a wzruszaj\u0105cy ho\u0142d na Instagramie: \u201eWszystkiego najlepszego dla mojej nieustaj\u0105cej inspiracji, \u017ar\u00f3d\u0142a bezwarunkowej mi\u0142o\u015bci, rad i wsparcia. Kocham Ci\u0119, Mademoiselle @demimoore, i czuj\u0119 si\u0119 zaszczycona, mog\u0105c by\u0107 Twoj\u0105 c\u00f3rk\u0105, ilekro\u0107 si\u0119 widzimy.\u201d<\/p>\n\n\n\n<p>Problemy zdrowotne Bruce\u2019a odegra\u0142y istotn\u0105 rol\u0119 w \u017cyciu rodziny przez ostatnie lata. Rozpoznano u niego afazj\u0119 w marcu 2022 roku, a w lutym 2023 roku Emma potwierdzi\u0142a diagnoz\u0119 \u2013 ot\u0119pienie czo\u0142owo-skroniowe.<\/p>\n\n\n\n<p>Emma, maj\u0105ca 46 lat, w rozmowie z magazynem Town &amp; Country z pa\u017adziernika, jasno wspomnia\u0142a o szczerych rozmowach z dzie\u0107mi na temat stanu zdrowia ich ojca. \u201eCz\u0119sto bywa, \u017ce diagnozy s\u0105 b\u0142\u0119dne, wiele os\u00f3b nie rozumie tej choroby albo j\u0105 ignoruje. Dlatego dla mnie uzyskanie w\u0142a\u015bciwej diagnozy by\u0142o kluczowe \u2013 mog\u0142am lepiej poj\u0105\u0107 ot\u0119pienie czo\u0142owo-skroniowe oraz u\u015bwiadomi\u0107 to naszym dzieciom\u201d, t\u0142umaczy\u0142a, podkre\u015blaj\u0105c, \u017ce zawsze stara\u0142a si\u0119 by\u0107 otwarta w rozmowach o pogarszaj\u0105cym si\u0119 stanie Bruce\u2019a. \u201eNie ukrywam przed nimi trudnych fakt\u00f3w.\u201d<\/p>\n\n\n\n<p>W sierpniu Rumer odpowiedzia\u0142a na pytanie fana, zamieszczaj\u0105c optymistyczn\u0105 wiadomo\u015b\u0107 o zdrowiu ojca. \u201eOn ma si\u0119 bardzo dobrze, uwielbiam go. Dzi\u0119kuj\u0119\u201d, napisa\u0142a, uspokajaj\u0105c wielbicieli Bruce\u2019a, kt\u00f3rzy troszcz\u0105 si\u0119 o jego kondycj\u0119.<\/p>\n\n\n\n<p>Bruce walczy z powa\u017cnymi problemami zdrowotnymi<br>Rodzina aktywnie wspiera go i dzieli si\u0119 wzruszaj\u0105cymi momentami<br>Otwarte rozmowy pomagaj\u0105 dzieciom zrozumie\u0107 sytuacj\u0119<br>Optymistyczne sygna\u0142y od rodziny nios\u0105 nadziej\u0119 fanom<br>Podsumowuj\u0105c, \u017cycie Bruce\u2019a Willisa i jego najbli\u017cszych obejmowa\u0142o ostatnio trudny okres z powodu post\u0119puj\u0105cej choroby aktora. Jednak mocne wi\u0119zi rodzinne, szczere wyrazy wdzi\u0119czno\u015bci oraz wsp\u00f3lne chwile przypominaj\u0105 o wzajemnym wsparciu i mi\u0142o\u015bci, kt\u00f3re pozwalaj\u0105 sobie radzi\u0107 w tych wymagaj\u0105cych czasach.<\/p>\n","protected":false},"excerpt":{"rendered":"<p>Fani prze\u017cyli ogromne wzruszenie, ogl\u0105daj\u0105c najnowsze fotografie Bruce\u2019a Willisa, kt\u00f3ry zmaga si\u0119 z chorob\u0105 w ko\u0144cowym stadium. Jego \u017cycie uleg\u0142o drastycznej zmianie, gdy\u017c dolegliwo\u015b\u0107 rozwija si\u0119 niezwykle szybko, co budzi wiele emocji i troski. Zapraszamy do poznania, jak ta powa\u017cna choroba wp\u0142yn\u0119\u0142a na jedn\u0105 z najbardziej rozpoznawalnych gwiazd kina akcji w historii. C\u00f3rki by\u0142ej \u017cony &#8230; <a title=\"Rodzina Bruce\u2019a Willisa wyra\u017ca wdzi\u0119czno\u015b\u0107 w Dniu Dzi\u0119kczynienia\" class=\"read-more\" href=\"https:\/\/dobrezrodla.com\/?p=7241\" aria-label=\"Read more about Rodzina Bruce\u2019a Willisa wyra\u017ca wdzi\u0119czno\u015b\u0107 w Dniu Dzi\u0119kczynienia\">Read more<\/a><\/p>\n","protected":false},"author":1,"featured_media":0,"comment_status":"open","ping_status":"open","sticky":false,"template":"","format":"standard","meta":{"footnotes":""},"categories":[1],"tags":[],"class_list":["post-7241","post","type-post","status-publish","format-standard","hentry","category-uncategorized"],"_links":{"self":[{"href":"https:\/\/dobrezrodla.com\/index.php?rest_route=\/wp\/v2\/posts\/7241","targetHints":{"allow":["GET"]}}],"collection":[{"href":"https:\/\/dobrezrodla.com\/index.php?rest_route=\/wp\/v2\/posts"}],"about":[{"href":"https:\/\/dobrezrodla.com\/index.php?rest_route=\/wp\/v2\/types\/post"}],"author":[{"embeddable":true,"href":"https:\/\/dobrezrodla.com\/index.php?rest_route=\/wp\/v2\/users\/1"}],"replies":[{"embeddable":true,"href":"https:\/\/dobrezrodla.com\/index.php?rest_route=%2Fwp%2Fv2%2Fcomments&post=7241"}],"version-history":[{"count":1,"href":"https:\/\/dobrezrodla.com\/index.php?rest_route=\/wp\/v2\/posts\/7241\/revisions"}],"predecessor-version":[{"id":7242,"href":"https:\/\/dobrezrodla.com\/index.php?rest_route=\/wp\/v2\/posts\/7241\/revisions\/7242"}],"wp:attachment":[{"href":"https:\/\/dobrezrodla.com\/index.php?rest_route=%2Fwp%2Fv2%2Fmedia&parent=7241"}],"wp:term":[{"taxonomy":"category","embeddable":true,"href":"https:\/\/dobrezrodla.com\/index.php?rest_route=%2Fwp%2Fv2%2Fcategories&post=7241"},{"taxonomy":"post_tag","embeddable":true,"href":"https:\/\/dobrezrodla.com\/index.php?rest_route=%2Fwp%2Fv2%2Ftags&post=7241"}],"curies":[{"name":"wp","href":"https:\/\/api.w.org\/{rel}","templated":true}]}}