{"id":8959,"date":"2025-11-15T20:53:07","date_gmt":"2025-11-15T20:53:07","guid":{"rendered":"https:\/\/dobrezrodla.com\/?p=8959"},"modified":"2025-11-15T20:53:07","modified_gmt":"2025-11-15T20:53:07","slug":"godzine-po-slubie-panna-mloda-i-pan-mlody-zmarli-powod-was-rozdziera","status":"publish","type":"post","link":"https:\/\/dobrezrodla.com\/?p=8959","title":{"rendered":"Godzin\u0119 po \u015blubie panna m\u0142oda i pan m\u0142ody zmarli \u2013 pow\u00f3d was rozdziera."},"content":{"rendered":"\n<p>Kopert\u0119 otwierano dr\u017c\u0105cymi r\u0119kami. Wewn\u0105trz wersy napisane przez Evelin\u0119 zdawa\u0142y si\u0119 by\u0107 wyrwane z przeczucia.<\/p>\n\n\n\n<p>\u201eM\u00f3j drogi Markusie, je\u015bli to czytasz, oznacza to, \u017ce nigdy nie mia\u0142am okazji si\u0119 z tob\u0105 po\u017cegna\u0107. Prosz\u0119, nie p\u0142acz po mnie. Da\u0142e\u015b mi wi\u0119cej szcz\u0119\u015bcia w ci\u0105gu kilku miesi\u0119cy, ni\u017c ja czu\u0142am przez ca\u0142e \u017cycie. Je\u015bli odejd\u0119 pierwsza, chc\u0119, \u017ceby\u015b wiedzia\u0142, \u017ce czuj\u0119 si\u0119 b\u0142ogos\u0142awiona. B\u0119d\u0119 ci\u0119 kocha\u0107 ponad czas i ponad \u015bmier\u0107. A kiedy spojrzysz na s\u0142onecznik, pami\u0119taj, \u017ce jestem tam, w jego blasku\u201d.<\/p>\n\n\n\n<p>Obecni wybuchn\u0119li p\u0142aczem. To by\u0142o tak, jakby dwoje m\u0142odych i pi\u0119knych ludzi przeczu\u0142o, ka\u017cde na sw\u00f3j spos\u00f3b, \u017ce ich przeznaczenie zostanie przerwane.<\/p>\n\n\n\n<p>Rodziny, cho\u0107 zdruzgotane, znalaz\u0142y si\u0142\u0119 w tych s\u0142owach. To nie by\u0142a ju\u017c tylko tragedia, ale historia mi\u0142osna doprowadzona do ko\u0144ca, nietkni\u0119ta strachem ani \u017calem.<\/p>\n\n\n\n<p>Podczas siedmiotygodniowej mszy \u017ca\u0142obnej ko\u015bci\u00f3\u0142 w wiosce dziadk\u00f3w Eveliny by\u0142 pe\u0142en ludzi. Ksi\u0105dz, starszy m\u0119\u017cczyzna o \u0142agodnym g\u0142osie, powiedzia\u0142: \u201eWyszli trzymaj\u0105c si\u0119 za r\u0119ce. Co mo\u017ce by\u0107 bardziej \u015bwi\u0119tego? Mo\u017ce B\u00f3g chcia\u0142, \u017ceby nigdy si\u0119 nie rozstali\u201d.<\/p>\n\n\n\n<p>Na stole z klatk\u0105 kto\u015b po\u0142o\u017cy\u0142 du\u017cy bukiet s\u0142onecznik\u00f3w, ulubionych kwiat\u00f3w Eveliny. A obok krzy\u017ca na grobie rodzina Marcusa zapali\u0142a grub\u0105 \u015bwiec\u0119, wypowiadaj\u0105c cicho stare przys\u0142owie: \u201eDusza nie umiera, ona si\u0119 porusza\u201d.<\/p>\n\n\n\n<p>B\u00f3l by\u0142 ogromny, ale wy\u0142oni\u0142o si\u0119 z niego co\u015b nieoczekiwanego. Przyjaciele i krewni postanowili co\u015b zrobi\u0107 dla ich pami\u0119ci. W ten spos\u00f3b Fundacja Dima otworzy\u0142a nowy o\u015brodek \u201eCasa Floarea-Soarelui\u201d, miejsce, w kt\u00f3rym chore dzieci i ich rodziny mog\u0142y znale\u017a\u0107 pocieszenie i wsparcie.<\/p>\n\n\n\n<p>Otwarcie o\u015brodka by\u0142o momentem, kt\u00f3ry zjednoczy\u0142 spo\u0142eczno\u015b\u0107. Dzieci biega\u0142y w\u015br\u00f3d nowych, kolorowych \u015bcian, a na ka\u017cdej \u015bcianie namalowano s\u0142onecznik. Pod jednym z obraz\u00f3w widnia\u0142 prosty napis: \u201eDla Marcusa i Eveliny \u2014 dw\u00f3ch serc, kt\u00f3re kocha\u0142y do \u200b\u200bko\u0144ca\u201d.<\/p>\n\n\n\n<p>Sorina, najlepsza przyjaci\u00f3\u0142ka Eveliny, powiedzia\u0142a dr\u017c\u0105cym g\u0142osem: \u201eW\u0142a\u015bnie tego by chcia\u0142a. Zostawi\u0107 po sobie \u015bwiat\u0142o. Nie ciemno\u015b\u0107\u201d.<\/p>\n\n\n\n<p>Min\u0119\u0142y lata, ale ich historia nie zosta\u0142a zapomniana. Ka\u017cdego 1 sierpnia, w dniu, w kt\u00f3rym powiedzieli sobie \u201etak\u201d, rodziny, przyjaciele i dzieci z o\u015brodka zbiera\u0142y si\u0119, zapala\u0142y \u015bwiece i przynosi\u0142y s\u0142oneczniki. By\u0142 to prosty rytua\u0142, ale pe\u0142en ciep\u0142a, niczym ich u\u015bcisk.<\/p>\n\n\n\n<p>Chory ch\u0142opiec, unosz\u0105c kwiatek ku niebu, powiedzia\u0142 pewnego dnia: \u201eOni nie umarli. S\u0105 s\u0142o\u0144cem, kt\u00f3re nas ogrzewa\u201d.<\/p>\n\n\n\n<p>I wszyscy zrozumieli wtedy, \u017ce ich mi\u0142o\u015b\u0107 nie zosta\u0142a z\u0142amana, lecz przemieniona. Z tragedii narodzi\u0142a si\u0119 nadzieja dla innych. Z historii ko\u0144ca narodzi\u0142 si\u0119 nowy pocz\u0105tek.<\/p>\n\n\n\n<p>W ten spos\u00f3b Marcus i Evelina pozostali razem, nie tylko w pami\u0119ci tych, kt\u00f3rzy ich kochali, ale w ka\u017cdym u\u015bmiechu uratowanych dzieci, w ka\u017cdym s\u0142oneczniku, kt\u00f3ry wzeszed\u0142 na \u015bwiat\u0142o dzienne, i w ka\u017cdym sercu, kt\u00f3re na nowo uwierzy\u0142o w prawdziw\u0105 mi\u0142o\u015b\u0107.<\/p>\n\n\n\n<p>Poniewa\u017c w naszej kulturze istnieje niezachwiana prawda: \u201ePrawdziwa mi\u0142o\u015b\u0107 nigdy nie umiera. \u017byje w tych, kt\u00f3rzy j\u0105 piel\u0119gnuj\u0105\u201d.<\/p>\n\n\n\n<p>Niniejsze dzie\u0142o jest inspirowane prawdziwymi wydarzeniami i postaciami, ale zosta\u0142o sfabularyzowane dla cel\u00f3w tw\u00f3rczych. Imiona, postacie i szczeg\u00f3\u0142y zosta\u0142y zmienione w celu ochrony prywatno\u015bci i wzbogacenia narracji. Jakiekolwiek podobie\u0144stwo do rzeczywistych os\u00f3b, \u017cyj\u0105cych lub zmar\u0142ych, lub do rzeczywistych wydarze\u0144 jest czysto przypadkowe i niezamierzone przez autora.<\/p>\n\n\n\n<p>Autor i wydawca nie ponosz\u0105 odpowiedzialno\u015bci za dok\u0142adno\u015b\u0107 wydarze\u0144 ani przedstawienie postaci, ani za ewentualn\u0105 b\u0142\u0119dn\u0105 interpretacj\u0119. Niniejsza historia jest udost\u0119pniana \u201etak jak jest\u201d, a wszelkie wyra\u017cone opinie s\u0105 opiniami postaci i nie odzwierciedlaj\u0105 pogl\u0105d\u00f3w autora ani wydawcy.<\/p>\n","protected":false},"excerpt":{"rendered":"<p>Kopert\u0119 otwierano dr\u017c\u0105cymi r\u0119kami. Wewn\u0105trz wersy napisane przez Evelin\u0119 zdawa\u0142y si\u0119 by\u0107 wyrwane z przeczucia. \u201eM\u00f3j drogi Markusie, je\u015bli to czytasz, oznacza to, \u017ce nigdy nie mia\u0142am okazji si\u0119 z tob\u0105 po\u017cegna\u0107. Prosz\u0119, nie p\u0142acz po mnie. Da\u0142e\u015b mi wi\u0119cej szcz\u0119\u015bcia w ci\u0105gu kilku miesi\u0119cy, ni\u017c ja czu\u0142am przez ca\u0142e \u017cycie. Je\u015bli odejd\u0119 pierwsza, chc\u0119, &#8230; <a title=\"Godzin\u0119 po \u015blubie panna m\u0142oda i pan m\u0142ody zmarli \u2013 pow\u00f3d was rozdziera.\" class=\"read-more\" href=\"https:\/\/dobrezrodla.com\/?p=8959\" aria-label=\"Read more about Godzin\u0119 po \u015blubie panna m\u0142oda i pan m\u0142ody zmarli \u2013 pow\u00f3d was rozdziera.\">Read more<\/a><\/p>\n","protected":false},"author":1,"featured_media":0,"comment_status":"open","ping_status":"open","sticky":false,"template":"","format":"standard","meta":{"footnotes":""},"categories":[1],"tags":[],"class_list":["post-8959","post","type-post","status-publish","format-standard","hentry","category-uncategorized"],"_links":{"self":[{"href":"https:\/\/dobrezrodla.com\/index.php?rest_route=\/wp\/v2\/posts\/8959","targetHints":{"allow":["GET"]}}],"collection":[{"href":"https:\/\/dobrezrodla.com\/index.php?rest_route=\/wp\/v2\/posts"}],"about":[{"href":"https:\/\/dobrezrodla.com\/index.php?rest_route=\/wp\/v2\/types\/post"}],"author":[{"embeddable":true,"href":"https:\/\/dobrezrodla.com\/index.php?rest_route=\/wp\/v2\/users\/1"}],"replies":[{"embeddable":true,"href":"https:\/\/dobrezrodla.com\/index.php?rest_route=%2Fwp%2Fv2%2Fcomments&post=8959"}],"version-history":[{"count":1,"href":"https:\/\/dobrezrodla.com\/index.php?rest_route=\/wp\/v2\/posts\/8959\/revisions"}],"predecessor-version":[{"id":8960,"href":"https:\/\/dobrezrodla.com\/index.php?rest_route=\/wp\/v2\/posts\/8959\/revisions\/8960"}],"wp:attachment":[{"href":"https:\/\/dobrezrodla.com\/index.php?rest_route=%2Fwp%2Fv2%2Fmedia&parent=8959"}],"wp:term":[{"taxonomy":"category","embeddable":true,"href":"https:\/\/dobrezrodla.com\/index.php?rest_route=%2Fwp%2Fv2%2Fcategories&post=8959"},{"taxonomy":"post_tag","embeddable":true,"href":"https:\/\/dobrezrodla.com\/index.php?rest_route=%2Fwp%2Fv2%2Ftags&post=8959"}],"curies":[{"name":"wp","href":"https:\/\/api.w.org\/{rel}","templated":true}]}}