{"id":9613,"date":"2025-11-21T22:07:41","date_gmt":"2025-11-21T22:07:41","guid":{"rendered":"https:\/\/dobrezrodla.com\/?p=9613"},"modified":"2025-11-21T22:07:41","modified_gmt":"2025-11-21T22:07:41","slug":"nowy-program-pis-kaczynski-rozdaje-karty-ziobro-wraca-do-gry-morawiecki-poza-stawka","status":"publish","type":"post","link":"https:\/\/dobrezrodla.com\/?p=9613","title":{"rendered":"Nowy program PiS. Kaczy\u0144ski rozdaje karty, Ziobro wraca do gry, Morawiecki poza stawk\u0105"},"content":{"rendered":"\n<p><\/p>\n\n\n\n<p>Jaros\u0142aw Kaczy\u0144ski og\u0142osi\u0142 sk\u0142ad zespo\u0142\u00f3w odpowiedzialnych za opracowanie nowego programu Prawa i Sprawiedliwo\u015bci. Na li\u015bcie znale\u017ali si\u0119 m.in. Zbigniew Ziobro, Przemys\u0142aw Czarnek, Daniel Obajtek, Patryk Jaki i Jacek Sasin. Zaskakuje brak Mateusza Morawieckiego \u2013 by\u0142ego premiera nie przydzielono do \u017cadnego z zespo\u0142\u00f3w.<\/p>\n\n\n\n<p>Zesp\u00f3\u0142 Ziobry ma zaj\u0105\u0107 si\u0119 wymiarem sprawiedliwo\u015bci, mimo \u017ce nad by\u0142ym ministrem wisi gro\u017aba 26 prokuratorskich zarzut\u00f3w. Jego wsp\u00f3\u0142pracownik Micha\u0142 Wo\u015b trafi\u0142 do dzia\u0142u \u015brodowiska. Obajtek, by\u0142y prezes Orlenu, ma pracowa\u0107 nad polityk\u0105 klimatyczn\u0105 i energetyczn\u0105.<\/p>\n\n\n\n<p>Nie brakuje te\u017c spekulacji o planach PiS dotycz\u0105cych nowej konstytucji \u2013 powo\u0142ano zesp\u00f3\u0142 ds. ustroju pa\u0144stwa, kt\u00f3rym pokierowa\u0107 ma m.in. Czarnek. Wed\u0142ug przeciek\u00f3w, ugrupowanie Kaczy\u0144skiego chce przedefiniowa\u0107 podstawy funkcjonowania pa\u0144stwa.<\/p>\n\n\n\n<p>Lista zespo\u0142\u00f3w potwierdza, \u017ce PiS szykuje si\u0119 na wielki polityczny powr\u00f3t \u2013 i robi to r\u0119kami ludzi najbardziej kojarzonych z poprzedni\u0105 w\u0142adz\u0105.<\/p>\n","protected":false},"excerpt":{"rendered":"<p>Jaros\u0142aw Kaczy\u0144ski og\u0142osi\u0142 sk\u0142ad zespo\u0142\u00f3w odpowiedzialnych za opracowanie nowego programu Prawa i Sprawiedliwo\u015bci. Na li\u015bcie znale\u017ali si\u0119 m.in. Zbigniew Ziobro, Przemys\u0142aw Czarnek, Daniel Obajtek, Patryk Jaki i Jacek Sasin. Zaskakuje brak Mateusza Morawieckiego \u2013 by\u0142ego premiera nie przydzielono do \u017cadnego z zespo\u0142\u00f3w. Zesp\u00f3\u0142 Ziobry ma zaj\u0105\u0107 si\u0119 wymiarem sprawiedliwo\u015bci, mimo \u017ce nad by\u0142ym ministrem wisi &#8230; <a title=\"Nowy program PiS. Kaczy\u0144ski rozdaje karty, Ziobro wraca do gry, Morawiecki poza stawk\u0105\" class=\"read-more\" href=\"https:\/\/dobrezrodla.com\/?p=9613\" aria-label=\"Read more about Nowy program PiS. Kaczy\u0144ski rozdaje karty, Ziobro wraca do gry, Morawiecki poza stawk\u0105\">Read more<\/a><\/p>\n","protected":false},"author":1,"featured_media":0,"comment_status":"open","ping_status":"open","sticky":false,"template":"","format":"standard","meta":{"footnotes":""},"categories":[1],"tags":[],"class_list":["post-9613","post","type-post","status-publish","format-standard","hentry","category-uncategorized"],"_links":{"self":[{"href":"https:\/\/dobrezrodla.com\/index.php?rest_route=\/wp\/v2\/posts\/9613","targetHints":{"allow":["GET"]}}],"collection":[{"href":"https:\/\/dobrezrodla.com\/index.php?rest_route=\/wp\/v2\/posts"}],"about":[{"href":"https:\/\/dobrezrodla.com\/index.php?rest_route=\/wp\/v2\/types\/post"}],"author":[{"embeddable":true,"href":"https:\/\/dobrezrodla.com\/index.php?rest_route=\/wp\/v2\/users\/1"}],"replies":[{"embeddable":true,"href":"https:\/\/dobrezrodla.com\/index.php?rest_route=%2Fwp%2Fv2%2Fcomments&post=9613"}],"version-history":[{"count":1,"href":"https:\/\/dobrezrodla.com\/index.php?rest_route=\/wp\/v2\/posts\/9613\/revisions"}],"predecessor-version":[{"id":9614,"href":"https:\/\/dobrezrodla.com\/index.php?rest_route=\/wp\/v2\/posts\/9613\/revisions\/9614"}],"wp:attachment":[{"href":"https:\/\/dobrezrodla.com\/index.php?rest_route=%2Fwp%2Fv2%2Fmedia&parent=9613"}],"wp:term":[{"taxonomy":"category","embeddable":true,"href":"https:\/\/dobrezrodla.com\/index.php?rest_route=%2Fwp%2Fv2%2Fcategories&post=9613"},{"taxonomy":"post_tag","embeddable":true,"href":"https:\/\/dobrezrodla.com\/index.php?rest_route=%2Fwp%2Fv2%2Ftags&post=9613"}],"curies":[{"name":"wp","href":"https:\/\/api.w.org\/{rel}","templated":true}]}}