{"id":9621,"date":"2025-11-22T09:26:48","date_gmt":"2025-11-22T09:26:48","guid":{"rendered":"https:\/\/dobrezrodla.com\/?p=9621"},"modified":"2025-11-22T09:26:49","modified_gmt":"2025-11-22T09:26:49","slug":"rewolucja-w-szkolach-od-2026-roku-sejm-przeglosowal-kluczowe-zmiany-dla-uczniow-i-nauczycieli","status":"publish","type":"post","link":"https:\/\/dobrezrodla.com\/?p=9621","title":{"rendered":"Rewolucja w szko\u0142ach od 2026 roku. Sejm przeg\u0142osowa\u0142 kluczowe zmiany dla uczni\u00f3w i nauczycieli"},"content":{"rendered":"\n<p>Polski system edukacji czeka gruntowna przebudowa. Sejm przyj\u0105\u0142 nowelizacj\u0119 ustawy, kt\u00f3ra uruchamia szeroko zakrojon\u0105 reform\u0119 o\u015bwiaty.<\/p>\n\n\n\n<p> \u201eReforma26. Kompas Jutra\u201d ma wej\u015b\u0107 w \u017cycie ju\u017c od wrze\u015bnia 2026 roku, obejmuj\u0105c pocz\u0105tkowo najm\u0142odszych uczni\u00f3w szk\u00f3\u0142 podstawowych, a rok p\u00f3\u017aniej \u2013 tak\u017ce uczni\u00f3w szk\u00f3\u0142 ponadpodstawowych.<\/p>\n\n\n\n<p>Za przyj\u0119ciem zmian g\u0142osowa\u0142o 233 pos\u0142\u00f3w, przeciw by\u0142o 200, a 6 wstrzyma\u0142o si\u0119 od g\u0142osu. Sejm odrzuci\u0142 wcze\u015bniej poprawki PiS i Konfederacji oraz wniosek o ca\u0142kowite odrzucenie projektu. Reforma przechodzi wi\u0119c do fazy realizacji.<\/p>\n\n\n\n<p>Nowa podstawa programowa ma wyj\u015b\u0107 poza mechaniczne \u201ewkuwanie\u201d tre\u015bci. Jak t\u0142umaczy wiceministra edukacji Katarzyna Lubnauer, celem jest skuteczne nauczanie kompetencji \u2013 z naciskiem na praktyczne efekty uczenia si\u0119, a nie tylko realizacj\u0119 \u201emateria\u0142u\u201d. <\/p>\n\n\n\n<p>Programy maj\u0105 by\u0107 bardziej elastyczne, sp\u00f3jne mi\u0119dzy przedmiotami i dostosowane do indywidualnych potrzeb uczni\u00f3w. Zmieni si\u0119 r\u00f3wnie\u017c spos\u00f3b definiowania podstawy programowej \u2013 b\u0119dzie oparta o cele, rezultaty edukacyjne oraz do\u015bwiadczenia uczni\u00f3w.<\/p>\n\n\n\n<p>W ramach zmian, od roku szkolnego 2026\/2027 nowa podstawa obejmie przedszkola oraz klasy I i IV podstaw\u00f3wek, a w kolejnym roku \u2013 klasy I szk\u00f3\u0142 ponadpodstawowych. Z biegiem lat reforma ma obj\u0105\u0107 ca\u0142\u0105 \u015bcie\u017ck\u0119 edukacyjn\u0105.<\/p>\n\n\n\n<p>W pakiecie znalaz\u0142y si\u0119 tak\u017ce zmiany dotycz\u0105ce egzamin\u00f3w. Egzamin \u00f3smoklasisty wr\u00f3ci do tradycyjnego, kwietniowego terminu, a z matury zniknie j\u0119zyk \u0142aci\u0144ski jako alternatywa dla nowo\u017cytnego j\u0119zyka obcego.<\/p>\n","protected":false},"excerpt":{"rendered":"<p>Polski system edukacji czeka gruntowna przebudowa. Sejm przyj\u0105\u0142 nowelizacj\u0119 ustawy, kt\u00f3ra uruchamia szeroko zakrojon\u0105 reform\u0119 o\u015bwiaty. \u201eReforma26. Kompas Jutra\u201d ma wej\u015b\u0107 w \u017cycie ju\u017c od wrze\u015bnia 2026 roku, obejmuj\u0105c pocz\u0105tkowo najm\u0142odszych uczni\u00f3w szk\u00f3\u0142 podstawowych, a rok p\u00f3\u017aniej \u2013 tak\u017ce uczni\u00f3w szk\u00f3\u0142 ponadpodstawowych. Za przyj\u0119ciem zmian g\u0142osowa\u0142o 233 pos\u0142\u00f3w, przeciw by\u0142o 200, a 6 wstrzyma\u0142o si\u0119 &#8230; <a title=\"Rewolucja w szko\u0142ach od 2026 roku. Sejm przeg\u0142osowa\u0142 kluczowe zmiany dla uczni\u00f3w i nauczycieli\" class=\"read-more\" href=\"https:\/\/dobrezrodla.com\/?p=9621\" aria-label=\"Read more about Rewolucja w szko\u0142ach od 2026 roku. Sejm przeg\u0142osowa\u0142 kluczowe zmiany dla uczni\u00f3w i nauczycieli\">Read more<\/a><\/p>\n","protected":false},"author":1,"featured_media":0,"comment_status":"open","ping_status":"open","sticky":false,"template":"","format":"standard","meta":{"footnotes":""},"categories":[1],"tags":[],"class_list":["post-9621","post","type-post","status-publish","format-standard","hentry","category-uncategorized"],"_links":{"self":[{"href":"https:\/\/dobrezrodla.com\/index.php?rest_route=\/wp\/v2\/posts\/9621","targetHints":{"allow":["GET"]}}],"collection":[{"href":"https:\/\/dobrezrodla.com\/index.php?rest_route=\/wp\/v2\/posts"}],"about":[{"href":"https:\/\/dobrezrodla.com\/index.php?rest_route=\/wp\/v2\/types\/post"}],"author":[{"embeddable":true,"href":"https:\/\/dobrezrodla.com\/index.php?rest_route=\/wp\/v2\/users\/1"}],"replies":[{"embeddable":true,"href":"https:\/\/dobrezrodla.com\/index.php?rest_route=%2Fwp%2Fv2%2Fcomments&post=9621"}],"version-history":[{"count":1,"href":"https:\/\/dobrezrodla.com\/index.php?rest_route=\/wp\/v2\/posts\/9621\/revisions"}],"predecessor-version":[{"id":9622,"href":"https:\/\/dobrezrodla.com\/index.php?rest_route=\/wp\/v2\/posts\/9621\/revisions\/9622"}],"wp:attachment":[{"href":"https:\/\/dobrezrodla.com\/index.php?rest_route=%2Fwp%2Fv2%2Fmedia&parent=9621"}],"wp:term":[{"taxonomy":"category","embeddable":true,"href":"https:\/\/dobrezrodla.com\/index.php?rest_route=%2Fwp%2Fv2%2Fcategories&post=9621"},{"taxonomy":"post_tag","embeddable":true,"href":"https:\/\/dobrezrodla.com\/index.php?rest_route=%2Fwp%2Fv2%2Ftags&post=9621"}],"curies":[{"name":"wp","href":"https:\/\/api.w.org\/{rel}","templated":true}]}}